{"id":248751,"date":"2026-07-08T16:40:30","date_gmt":"2026-07-08T12:40:30","guid":{"rendered":"https:\/\/ucnoqta.az\/?p=248751"},"modified":"2026-07-08T16:40:30","modified_gmt":"2026-07-08T12:40:30","slug":"fransa-finlandiyaya-h%c9%99rbcil%c9%99rini-gond%c9%99r%c9%99c%c9%99k","status":"publish","type":"post","link":"https:\/\/ucnoqta.az\/?p=248751","title":{"rendered":"Fransa Finlandiyaya h\u0259rb\u00e7il\u0259rini g\u00f6nd\u0259r\u0259c\u0259k"},"content":{"rendered":"<p><strong>Fransa iyun ay\u0131nda f\u0259aliyy\u0259t\u0259 ba\u015flayan Finlandiyan\u0131n Rovaniemi \u015f\u0259h\u0259rind\u0259ki yeni NATO \u0130r\u0259li Q\u00fcvv\u0259l\u0259r Q\u0259rargah\u0131na bir b\u00f6lm\u0259 g\u00f6nd\u0259r\u0259c\u0259k.<\/strong><\/p>\n<p>Ucnoqta.az x\u0259b\u0259r verir ki, bu bar\u0259d\u0259 Finlandiya Prezident Aparat\u0131 t\u0259r\u0259find\u0259n d\u0259rc edilmi\u015f Helsinki, Paris v\u0259 Stokholmun birg\u0259 b\u0259yanat\u0131nda bildirilib.<\/p>\n<p>Qeyd olunur ki, Fransa Finlandiya il\u0259 birlikd\u0259 q\u0259rargah \u00fc\u00e7\u00fcn h\u0259rb\u00e7il\u0259r haz\u0131rlayacaq.<\/p>\n<p>Xatr\u0131ladaq ki, Rovaniemid\u0259ki NATO \u0130r\u0259li Q\u00fcvv\u0259l\u0259r Q\u0259rargah\u0131 6 iyunda f\u0259aliyy\u0259t\u0259 ba\u015flay\u0131b.<\/p>\n","protected":false},"excerpt":{"rendered":"<p>Fransa iyun ay\u0131nda f\u0259aliyy\u0259t\u0259 ba\u015flayan Finlandiyan\u0131n Rovaniemi \u015f\u0259h\u0259rind\u0259ki yeni NATO \u0130r\u0259li Q\u00fcvv\u0259l\u0259r Q\u0259rargah\u0131na bir b\u00f6lm\u0259 g\u00f6nd\u0259r\u0259c\u0259k. Ucnoqta.az x\u0259b\u0259r verir ki, bu bar\u0259d\u0259 Finlandiya Prezident Aparat\u0131 t\u0259r\u0259find\u0259n d\u0259rc edilmi\u015f Helsinki, Paris&hellip;<\/p>\n","protected":false},"author":2,"featured_media":248752,"comment_status":"closed","ping_status":"closed","sticky":false,"template":"","format":"standard","meta":{"_lmt_disableupdate":"","_lmt_disable":"","footnotes":""},"categories":[89],"tags":[],"class_list":["post-248751","post","type-post","status-publish","format-standard","has-post-thumbnail","hentry","category-dunya-butun-xeberler"],"_links":{"self":[{"href":"https:\/\/ucnoqta.az\/index.php?rest_route=\/wp\/v2\/posts\/248751","targetHints":{"allow":["GET"]}}],"collection":[{"href":"https:\/\/ucnoqta.az\/index.php?rest_route=\/wp\/v2\/posts"}],"about":[{"href":"https:\/\/ucnoqta.az\/index.php?rest_route=\/wp\/v2\/types\/post"}],"author":[{"embeddable":true,"href":"https:\/\/ucnoqta.az\/index.php?rest_route=\/wp\/v2\/users\/2"}],"replies":[{"embeddable":true,"href":"https:\/\/ucnoqta.az\/index.php?rest_route=%2Fwp%2Fv2%2Fcomments&post=248751"}],"version-history":[{"count":0,"href":"https:\/\/ucnoqta.az\/index.php?rest_route=\/wp\/v2\/posts\/248751\/revisions"}],"wp:featuredmedia":[{"embeddable":true,"href":"https:\/\/ucnoqta.az\/index.php?rest_route=\/wp\/v2\/media\/248752"}],"wp:attachment":[{"href":"https:\/\/ucnoqta.az\/index.php?rest_route=%2Fwp%2Fv2%2Fmedia&parent=248751"}],"wp:term":[{"taxonomy":"category","embeddable":true,"href":"https:\/\/ucnoqta.az\/index.php?rest_route=%2Fwp%2Fv2%2Fcategories&post=248751"},{"taxonomy":"post_tag","embeddable":true,"href":"https:\/\/ucnoqta.az\/index.php?rest_route=%2Fwp%2Fv2%2Ftags&post=248751"}],"curies":[{"name":"wp","href":"https:\/\/api.w.org\/{rel}","templated":true}]}}