{"id":248655,"date":"2026-07-08T10:58:26","date_gmt":"2026-07-08T06:58:26","guid":{"rendered":"https:\/\/ucnoqta.az\/?p=248655"},"modified":"2026-07-08T10:58:26","modified_gmt":"2026-07-08T06:58:26","slug":"ukrayna-isvecd%c9%99n-32-%c9%99d%c9%99d-qirici-t%c9%99yyar%c9%99-alacaq","status":"publish","type":"post","link":"https:\/\/ucnoqta.az\/?p=248655","title":{"rendered":"Ukrayna \u0130sve\u00e7d\u0259n 32 \u0259d\u0259d q\u0131r\u0131c\u0131 t\u0259yyar\u0259 alacaq"},"content":{"rendered":"<p><strong>\u0130sve\u00e7 Ukraynaya h\u0259rbi yard\u0131m olaraq 16 \u0259d\u0259d Gripen C\/D q\u0131r\u0131c\u0131 t\u0259yyar\u0259si ver\u0259c\u0259k v\u0259 m\u00fcqavil\u0259 \u00e7\u0259r\u00e7iv\u0259sind\u0259 16 \u0259d\u0259d &#8220;Gripen E&#8221; q\u0131r\u0131c\u0131 t\u0259yyar\u0259si t\u0259dar\u00fck ed\u0259c\u0259k.<\/strong><\/p>\n<p>Ucnoqta.az x\u0259b\u0259r verir ki, bu, Ankarada ke\u00e7iril\u0259c\u0259k NATO sammitind\u0259n \u0259vv\u0259l \u0130sve\u00e7in Ba\u015f naziri Ulf Kristersson t\u0259r\u0259find\u0259n t\u0259sdiql\u0259nib.<\/p>\n<p>&#8220;Ukrayna haz\u0131rda \u0259n son n\u0259sil Gripen E q\u0131r\u0131c\u0131 t\u0259yyar\u0259si al\u0131b. Biz 16 q\u0131r\u0131c\u0131 t\u0259yyar\u0259 \u00fc\u00e7\u00fcn m\u00fcqavil\u0259 imzalad\u0131q. Eyni zamanda, eyni sayda m\u00f6vcud q\u0131r\u0131c\u0131 t\u0259yyar\u0259ni t\u0259hvil veririk, ona g\u00f6r\u0259 d\u0259 m\u00fcxt\u0259lif vaxtlarda olsa da, c\u0259mi 32 t\u0259yyar\u0259 t\u0259hvil ver\u0259c\u0259yik&#8221;, &#8211; dey\u0259 o bildirib.<\/p>\n<p>Kristerssonun s\u00f6zl\u0259rin\u0259 g\u00f6r\u0259, Ukraynaya davaml\u0131 d\u0259st\u0259k \u0130sve\u00e7in \u0259sas prioritetidir.<br \/>\n&#8220;Onlar bizim k\u00f6m\u0259yimiz say\u0259sind\u0259 m\u00fcbariz\u0259ni davam etdir\u0259 bilirl\u0259r v\u0259 bu, davam etm\u0259lidir. Haz\u0131rda bir s\u0131ra \u00f6lk\u0259l\u0259r yard\u0131m g\u00f6st\u0259rm\u0259y\u0259 davam edir, lakin dig\u0259r \u00f6lk\u0259l\u0259r d\u0259 d\u0259st\u0259yini art\u0131rmal\u0131d\u0131rlar&#8221;, &#8211; dey\u0259 o \u0259lav\u0259 edib.<\/p>\n","protected":false},"excerpt":{"rendered":"<p>\u0130sve\u00e7 Ukraynaya h\u0259rbi yard\u0131m olaraq 16 \u0259d\u0259d Gripen C\/D q\u0131r\u0131c\u0131 t\u0259yyar\u0259si ver\u0259c\u0259k v\u0259 m\u00fcqavil\u0259 \u00e7\u0259r\u00e7iv\u0259sind\u0259 16 \u0259d\u0259d &#8220;Gripen E&#8221; q\u0131r\u0131c\u0131 t\u0259yyar\u0259si t\u0259dar\u00fck ed\u0259c\u0259k. Ucnoqta.az x\u0259b\u0259r verir ki, bu, Ankarada ke\u00e7iril\u0259c\u0259k&hellip;<\/p>\n","protected":false},"author":2,"featured_media":248656,"comment_status":"closed","ping_status":"closed","sticky":false,"template":"","format":"standard","meta":{"_lmt_disableupdate":"","_lmt_disable":"","footnotes":""},"categories":[89],"tags":[],"class_list":["post-248655","post","type-post","status-publish","format-standard","has-post-thumbnail","hentry","category-dunya-butun-xeberler"],"_links":{"self":[{"href":"https:\/\/ucnoqta.az\/index.php?rest_route=\/wp\/v2\/posts\/248655","targetHints":{"allow":["GET"]}}],"collection":[{"href":"https:\/\/ucnoqta.az\/index.php?rest_route=\/wp\/v2\/posts"}],"about":[{"href":"https:\/\/ucnoqta.az\/index.php?rest_route=\/wp\/v2\/types\/post"}],"author":[{"embeddable":true,"href":"https:\/\/ucnoqta.az\/index.php?rest_route=\/wp\/v2\/users\/2"}],"replies":[{"embeddable":true,"href":"https:\/\/ucnoqta.az\/index.php?rest_route=%2Fwp%2Fv2%2Fcomments&post=248655"}],"version-history":[{"count":0,"href":"https:\/\/ucnoqta.az\/index.php?rest_route=\/wp\/v2\/posts\/248655\/revisions"}],"wp:featuredmedia":[{"embeddable":true,"href":"https:\/\/ucnoqta.az\/index.php?rest_route=\/wp\/v2\/media\/248656"}],"wp:attachment":[{"href":"https:\/\/ucnoqta.az\/index.php?rest_route=%2Fwp%2Fv2%2Fmedia&parent=248655"}],"wp:term":[{"taxonomy":"category","embeddable":true,"href":"https:\/\/ucnoqta.az\/index.php?rest_route=%2Fwp%2Fv2%2Fcategories&post=248655"},{"taxonomy":"post_tag","embeddable":true,"href":"https:\/\/ucnoqta.az\/index.php?rest_route=%2Fwp%2Fv2%2Ftags&post=248655"}],"curies":[{"name":"wp","href":"https:\/\/api.w.org\/{rel}","templated":true}]}}