{"id":248635,"date":"2026-07-08T10:12:24","date_gmt":"2026-07-08T06:12:24","guid":{"rendered":"https:\/\/ucnoqta.az\/?p=248635"},"modified":"2026-07-08T10:28:06","modified_gmt":"2026-07-08T06:28:06","slug":"nato-irana-son-hucumlari-z%c9%99ruri-hesab-edir-rutte","status":"publish","type":"post","link":"https:\/\/ucnoqta.az\/?p=248635","title":{"rendered":"NATO \u0130rana son h\u00fccumlar\u0131 z\u0259ruri hesab edir &#8211; Rutte"},"content":{"rendered":"<p><strong>NATO AB\u015e-\u0131n \u0130rana son h\u00fccumlar\u0131n\u0131 &#8220;tamamil\u0259 z\u0259ruri&#8221; hesab edir.<\/strong><\/p>\n<p><a href=\"https:\/\/ucnoqta.az\/news\/246238\/\">Ucnoqta.az<\/a>\u00a0x\u0259b\u0259r verir ki, NATO-nun ba\u015f katibi Mark Rutte NATO sammitin\u0259 g\u0259l\u0259rk\u0259n jurnalistl\u0259r\u0259 bildirib.<\/p>\n<p>&#8220;M\u0259n onlar\u0131 tamamil\u0259 z\u0259ruri hesab edir\u0259m. G\u0259mil\u0259r\u0259 h\u00fccum edildikd\u0259n sonra AB\u015e-\u0131n cavab verm\u0259si vacibdir&#8221;, &#8211; Rutte deyib.<\/p>\n<p>O, h\u0259m\u00e7inin H\u00f6rm\u00fcz bo\u011faz\u0131n\u0131n yenid\u0259n a\u00e7\u0131lmal\u0131 oldu\u011funu bildirib.<\/p>\n<p>\u0130yulun 8-d\u0259 AB\u015e \u0130rana qar\u015f\u0131 bir s\u0131ra yeni h\u00fccumlar elan edib. Bu h\u00fccumlar, \u0130ran\u0131n icaz\u0259siz mar\u015frutlarla H\u00f6rm\u00fcz bo\u011faz\u0131ndan ke\u00e7m\u0259y\u0259 \u00e7al\u0131\u015fan tankerl\u0259r\u0259 h\u00fccumlar\u0131na cavab olaraq h\u0259yata ke\u00e7irilib.<br \/>\nBunun qar\u015f\u0131l\u0131\u011f\u0131nda \u0130ran K\u00fcveyt v\u0259 B\u0259hreynd\u0259 AB\u015e h\u0259rbi bazalar\u0131na raket v\u0259 dron z\u0259rb\u0259l\u0259ri endirib.<\/p>\n","protected":false},"excerpt":{"rendered":"<p>NATO AB\u015e-\u0131n \u0130rana son h\u00fccumlar\u0131n\u0131 &#8220;tamamil\u0259 z\u0259ruri&#8221; hesab edir. Ucnoqta.az\u00a0x\u0259b\u0259r verir ki, NATO-nun ba\u015f katibi Mark Rutte NATO sammitin\u0259 g\u0259l\u0259rk\u0259n jurnalistl\u0259r\u0259 bildirib. &#8220;M\u0259n onlar\u0131 tamamil\u0259 z\u0259ruri hesab edir\u0259m. G\u0259mil\u0259r\u0259 h\u00fccum&hellip;<\/p>\n","protected":false},"author":2,"featured_media":248642,"comment_status":"closed","ping_status":"closed","sticky":false,"template":"","format":"standard","meta":{"_lmt_disableupdate":"no","_lmt_disable":"","footnotes":""},"categories":[89],"tags":[],"class_list":["post-248635","post","type-post","status-publish","format-standard","has-post-thumbnail","hentry","category-dunya-butun-xeberler"],"_links":{"self":[{"href":"https:\/\/ucnoqta.az\/index.php?rest_route=\/wp\/v2\/posts\/248635","targetHints":{"allow":["GET"]}}],"collection":[{"href":"https:\/\/ucnoqta.az\/index.php?rest_route=\/wp\/v2\/posts"}],"about":[{"href":"https:\/\/ucnoqta.az\/index.php?rest_route=\/wp\/v2\/types\/post"}],"author":[{"embeddable":true,"href":"https:\/\/ucnoqta.az\/index.php?rest_route=\/wp\/v2\/users\/2"}],"replies":[{"embeddable":true,"href":"https:\/\/ucnoqta.az\/index.php?rest_route=%2Fwp%2Fv2%2Fcomments&post=248635"}],"version-history":[{"count":0,"href":"https:\/\/ucnoqta.az\/index.php?rest_route=\/wp\/v2\/posts\/248635\/revisions"}],"wp:featuredmedia":[{"embeddable":true,"href":"https:\/\/ucnoqta.az\/index.php?rest_route=\/wp\/v2\/media\/248642"}],"wp:attachment":[{"href":"https:\/\/ucnoqta.az\/index.php?rest_route=%2Fwp%2Fv2%2Fmedia&parent=248635"}],"wp:term":[{"taxonomy":"category","embeddable":true,"href":"https:\/\/ucnoqta.az\/index.php?rest_route=%2Fwp%2Fv2%2Fcategories&post=248635"},{"taxonomy":"post_tag","embeddable":true,"href":"https:\/\/ucnoqta.az\/index.php?rest_route=%2Fwp%2Fv2%2Ftags&post=248635"}],"curies":[{"name":"wp","href":"https:\/\/api.w.org\/{rel}","templated":true}]}}