{"id":246064,"date":"2026-07-04T12:47:13","date_gmt":"2026-07-04T08:47:13","guid":{"rendered":""},"modified":"2026-07-07T23:27:02","modified_gmt":"2026-07-07T19:27:02","slug":"s%c9%99udiyy%c9%99-er%c9%99bistani-husil%c9%99ri-h%c9%99d%c9%99l%c9%99ydi","status":"publish","type":"post","link":"https:\/\/ucnoqta.az\/?p=246064","title":{"rendered":"S\u0259udiyy\u0259 \u018fr\u0259bistan\u0131 husil\u0259ri h\u0259d\u0259l\u0259ydi"},"content":{"rendered":"<p><strong>\u00dcsyan\u00e7\u0131lar krall\u0131\u011fa h\u00fccum etm\u0259y\u0259 c\u0259hd ed\u0259rs\u0259, S\u0259udiyy\u0259 \u018fr\u0259bistan\u0131n\u0131n r\u0259hb\u0259rlik etdiyi koalisiya Y\u0259m\u0259n \u018fnsar Allah h\u0259r\u0259kat\u0131n\u0131n husil\u0259rinin m\u00f6vqel\u0259rin\u0259 z\u0259rb\u0259 endir\u0259c\u0259k.<\/strong><\/p>\n<p>Ucnoqta.az x\u0259b\u0259r evrir ki, bu bar\u0259d\u0259 koalisiyan\u0131n s\u00f6z\u00e7\u00fcs\u00fc Turki \u0259l-Maliki bildirib.<\/p>\n<p>Koalisiya s\u00f6z\u00e7\u00fcs\u00fc husil\u0259rin \u018fr-Riyada qar\u015f\u0131 son t\u0259hdidl\u0259rini diqq\u0259ti Y\u0259m\u0259n xalq\u0131na qar\u015f\u0131 ciddi cinay\u0259tl\u0259rd\u0259n yay\u0131nd\u0131rmaq c\u0259hdi\u00a0adland\u0131r\u0131b.<\/p>\n<p>\u018fl-Malikinin s\u00f6zl\u0259rin\u0259 g\u00f6r\u0259, \u00fcsyan\u00e7\u0131lar iqtisadi probleml\u0259r\u0259 g\u00f6r\u0259 m\u0259suliyy\u0259ti ba\u015fqas\u0131na y\u00f6n\u0259ltm\u0259y\u0259 v\u0259 Y\u0259m\u0259n daxilind\u0259 artan naraz\u0131l\u0131\u011f\u0131 gizl\u0259tm\u0259y\u0259 \u00e7al\u0131\u015f\u0131rlar.<\/p>\n<p>O, &#8220;\u018fnsar Allah&#8221; s\u00fclh t\u0259\u015f\u0259bb\u00fcsl\u0259rini r\u0259dd etdiyini v\u0259 Q\u0131rm\u0131z\u0131 d\u0259nizd\u0259 v\u0259 Bab \u0259l-M\u0259nd\u0259b bo\u011faz\u0131nda g\u0259mi\u00e7ilik yollar\u0131na h\u00fccum etm\u0259y\u0259 davam etdiyini vur\u011fulay\u0131b.<\/p>\n<p>General-mayor qeyd edib ki, buna g\u00f6r\u0259 d\u0259 husil\u0259r Y\u0259m\u0259nin h\u0259yati \u0259h\u0259miyy\u0259tli infrastrukturunu, o c\u00fcml\u0259d\u0259n Hodeyda, \u018fs-S\u0259lif v\u0259 Ras \u0130sa limanlar\u0131n\u0131, S\u0259na beyn\u0259lxalq hava liman\u0131n\u0131, el\u0259c\u0259 d\u0259 elektrik stansiyalar\u0131n\u0131 v\u0259 s\u0259naye obyektl\u0259rini tamamil\u0259 m\u0259hv olmaq t\u0259hl\u00fck\u0259si il\u0259 \u00fcz-\u00fcz\u0259 qoyurlar.<\/p>\n","protected":false},"excerpt":{"rendered":"<p>\u00dcsyan\u00e7\u0131lar krall\u0131\u011fa h\u00fccum etm\u0259y\u0259 c\u0259hd ed\u0259rs\u0259, S\u0259udiyy\u0259 \u018fr\u0259bistan\u0131n\u0131n r\u0259hb\u0259rlik etdiyi koalisiya Y\u0259m\u0259n \u018fnsar Allah h\u0259r\u0259kat\u0131n\u0131n husil\u0259rinin m\u00f6vqel\u0259rin\u0259 z\u0259rb\u0259 endir\u0259c\u0259k. Ucnoqta.az x\u0259b\u0259r evrir ki, bu bar\u0259d\u0259 koalisiyan\u0131n s\u00f6z\u00e7\u00fcs\u00fc Turki \u0259l-Maliki bildirib.&hellip;<\/p>\n","protected":false},"author":1,"featured_media":248597,"comment_status":"open","ping_status":"open","sticky":false,"template":"","format":"standard","meta":{"_lmt_disableupdate":"no","_lmt_disable":"","footnotes":""},"categories":[89],"tags":[],"class_list":["post-246064","post","type-post","status-publish","format-standard","has-post-thumbnail","hentry","category-dunya-butun-xeberler"],"_links":{"self":[{"href":"https:\/\/ucnoqta.az\/index.php?rest_route=\/wp\/v2\/posts\/246064","targetHints":{"allow":["GET"]}}],"collection":[{"href":"https:\/\/ucnoqta.az\/index.php?rest_route=\/wp\/v2\/posts"}],"about":[{"href":"https:\/\/ucnoqta.az\/index.php?rest_route=\/wp\/v2\/types\/post"}],"author":[{"embeddable":true,"href":"https:\/\/ucnoqta.az\/index.php?rest_route=\/wp\/v2\/users\/1"}],"replies":[{"embeddable":true,"href":"https:\/\/ucnoqta.az\/index.php?rest_route=%2Fwp%2Fv2%2Fcomments&post=246064"}],"version-history":[{"count":0,"href":"https:\/\/ucnoqta.az\/index.php?rest_route=\/wp\/v2\/posts\/246064\/revisions"}],"wp:featuredmedia":[{"embeddable":true,"href":"https:\/\/ucnoqta.az\/index.php?rest_route=\/wp\/v2\/media\/248597"}],"wp:attachment":[{"href":"https:\/\/ucnoqta.az\/index.php?rest_route=%2Fwp%2Fv2%2Fmedia&parent=246064"}],"wp:term":[{"taxonomy":"category","embeddable":true,"href":"https:\/\/ucnoqta.az\/index.php?rest_route=%2Fwp%2Fv2%2Fcategories&post=246064"},{"taxonomy":"post_tag","embeddable":true,"href":"https:\/\/ucnoqta.az\/index.php?rest_route=%2Fwp%2Fv2%2Ftags&post=246064"}],"curies":[{"name":"wp","href":"https:\/\/api.w.org\/{rel}","templated":true}]}}