{"id":234464,"date":"2025-11-28T19:40:48","date_gmt":"2025-11-28T15:40:48","guid":{"rendered":""},"modified":"-0001-11-30T00:00:00","modified_gmt":"-0001-11-29T20:00:00","slug":"","status":"publish","type":"post","link":"https:\/\/ucnoqta.az\/?p=234464","title":{"rendered":"Pa\u015finyan\u0131n m\u00fcavini Q\u0259b\u0259l\u0259d\u0259"},"content":{"rendered":"<p><strong>\u015eahin Mustafayev v\u0259 Mher Qriqoryan Q\u0259b\u0259l\u0259d\u0259 g&ouml;r&uuml;\u015f&uuml;b.<\/strong><\/p>\n<p>Ucnoqta.az&nbsp;x\u0259b\u0259r verir ki, bu bar\u0259d\u0259 Az\u0259rbaycan Respublikas\u0131 il\u0259 Erm\u0259nistan Respublikas\u0131 aras\u0131nda d&ouml;vl\u0259t s\u0259rh\u0259dinin delimitasiyas\u0131 &uuml;zr\u0259 D&ouml;vl\u0259t Komissiyas\u0131n\u0131n Katibliyinin m\u0259lumat\u0131nda bildirilib.<\/p>\n<p>Bildirilib ki, noyabr\u0131n 28-d\u0259 Az\u0259rbaycan Respublikas\u0131n\u0131n Q\u0259b\u0259l\u0259 \u015f\u0259h\u0259rind\u0259 Az\u0259rbaycan Respublikas\u0131n\u0131n Ba\u015f nazirinin m&uuml;avini \u015eahin Mustafayev v\u0259 Erm\u0259nistan Respublikas\u0131n\u0131n Ba\u015f nazirinin m&uuml;avini Mher Qriqoryan\u0131n s\u0259drliyi il\u0259 Az\u0259rbaycan Respublikas\u0131 il\u0259 Erm\u0259nistan Respublikas\u0131 aras\u0131nda d&ouml;vl\u0259t s\u0259rh\u0259dinin delimitasiyas\u0131 &uuml;zr\u0259 D&ouml;vl\u0259t Komissiyas\u0131n\u0131n v\u0259 Erm\u0259nistan Respublikas\u0131 il\u0259 Az\u0259rbaycan Respublikas\u0131 aras\u0131nda d&ouml;vl\u0259t s\u0259rh\u0259dinin delimitasiyas\u0131 v\u0259 s\u0259rh\u0259d t\u0259hl&uuml;k\u0259sizliyi m\u0259s\u0259l\u0259l\u0259ri &uuml;zr\u0259 Komissiyan\u0131n 12-ci g&ouml;r&uuml;\u015f&uuml; ke&ccedil;irilib.<\/p>\n<p>G&ouml;r&uuml;\u015f zaman\u0131 t\u0259r\u0259fl\u0259r 16 yanvar 2025-ci il tarixind\u0259 ke&ccedil;irilmi\u015f 11-ci g&ouml;r&uuml;\u015f&uuml;n yekunlar\u0131 &uuml;zr\u0259 \u0259ld\u0259 olunmu\u015f, delimitasiyas\u0131 &uuml;zr\u0259 kompleks i\u015fl\u0259rin d&ouml;vl\u0259t s\u0259rh\u0259dinin \u015fimal sah\u0259sind\u0259n ba\u015flayaraq Az\u0259rbaycan Respublikas\u0131n\u0131n, Erm\u0259nistan Respublikas\u0131n\u0131n v\u0259 G&uuml;rc&uuml;stan\u0131n s\u0259rh\u0259dl\u0259rinin qovu\u015fma n&ouml;qt\u0259si \u0259razisind\u0259n c\u0259nub istiqam\u0259tind\u0259, \u015fimaldan c\u0259nuba, Az\u0259rbaycan Respublikas\u0131n\u0131n v\u0259 Erm\u0259nistan Respublikas\u0131n\u0131n \u0130ran \u0130slam Respublikas\u0131 il\u0259 s\u0259rh\u0259din\u0259 q\u0259d\u0259r ba\u015flanmas\u0131 bar\u0259d\u0259 raz\u0131la\u015fman\u0131 qeyd edibl\u0259r.<\/p>\n<p>T\u0259r\u0259fl\u0259r delimitasiya t\u0259dbirl\u0259ri il\u0259 ba\u011fl\u0131 t\u0259\u015fkilati v\u0259 texniki m\u0259s\u0259l\u0259l\u0259r &uuml;zr\u0259 \u0259trafl\u0131 fikir m&uuml;badil\u0259si apar\u0131blar.<\/p>\n<p>H\u0259m&ccedil;inin delimitasiya i\u015fl\u0259rinin h\u0259yata ke&ccedil;irilm\u0259si qaydas\u0131na dair m&uuml;vafiq t\u0259limat layih\u0259l\u0259ri m&uuml;zakir\u0259 olunub.<\/p>\n<p>Az\u0259rbaycan Respublikas\u0131n\u0131n Ba\u015f nazirinin m&uuml;avini \u015eahin Mustafayev v\u0259 Erm\u0259nistan Respublikas\u0131n\u0131n ba\u015f nazirinin m&uuml;avini Mher Qriqoryan qar\u015f\u0131l\u0131ql\u0131 maraq do\u011furan m\u0259s\u0259l\u0259l\u0259r &uuml;zr\u0259 ayr\u0131ca fikir m&uuml;badil\u0259si apar\u0131blar.<\/p>\n<p>T\u0259r\u0259fl\u0259r n&ouml;vb\u0259ti g&ouml;r&uuml;\u015f&uuml;n tarixini i\u015f qaydas\u0131nda, Erm\u0259nistan Respublikas\u0131n\u0131n \u015f\u0259h\u0259rl\u0259rind\u0259n birind\u0259 m&uuml;\u0259yy\u0259n etm\u0259k bar\u0259d\u0259 raz\u0131l\u0131\u011fa g\u0259lil\u0259r.<\/p>\n","protected":false},"excerpt":{"rendered":"<p>\u015eahin Mustafayev v\u0259 Mher Qriqoryan Q\u0259b\u0259l\u0259d\u0259 g&ouml;r&uuml;\u015f&uuml;b. Ucnoqta.az&nbsp;x\u0259b\u0259r verir ki, bu bar\u0259d\u0259 Az\u0259rbaycan Respublikas\u0131 il\u0259 Erm\u0259nistan Respublikas\u0131 aras\u0131nda d&ouml;vl\u0259t s\u0259rh\u0259dinin delimitasiyas\u0131 &uuml;zr\u0259 D&ouml;vl\u0259t Komissiyas\u0131n\u0131n Katibliyinin m\u0259lumat\u0131nda bildirilib. Bildirilib ki, noyabr\u0131n&hellip;<\/p>\n","protected":false},"author":1,"featured_media":251278,"comment_status":"open","ping_status":"open","sticky":false,"template":"","format":"standard","meta":{"_lmt_disableupdate":"","_lmt_disable":"","footnotes":""},"categories":[],"tags":[],"class_list":["post-234464","post","type-post","status-publish","format-standard","has-post-thumbnail","hentry"],"_links":{"self":[{"href":"https:\/\/ucnoqta.az\/index.php?rest_route=\/wp\/v2\/posts\/234464","targetHints":{"allow":["GET"]}}],"collection":[{"href":"https:\/\/ucnoqta.az\/index.php?rest_route=\/wp\/v2\/posts"}],"about":[{"href":"https:\/\/ucnoqta.az\/index.php?rest_route=\/wp\/v2\/types\/post"}],"author":[{"embeddable":true,"href":"https:\/\/ucnoqta.az\/index.php?rest_route=\/wp\/v2\/users\/1"}],"replies":[{"embeddable":true,"href":"https:\/\/ucnoqta.az\/index.php?rest_route=%2Fwp%2Fv2%2Fcomments&post=234464"}],"version-history":[{"count":0,"href":"https:\/\/ucnoqta.az\/index.php?rest_route=\/wp\/v2\/posts\/234464\/revisions"}],"wp:featuredmedia":[{"embeddable":true,"href":"https:\/\/ucnoqta.az\/index.php?rest_route=\/wp\/v2\/media\/251278"}],"wp:attachment":[{"href":"https:\/\/ucnoqta.az\/index.php?rest_route=%2Fwp%2Fv2%2Fmedia&parent=234464"}],"wp:term":[{"taxonomy":"category","embeddable":true,"href":"https:\/\/ucnoqta.az\/index.php?rest_route=%2Fwp%2Fv2%2Fcategories&post=234464"},{"taxonomy":"post_tag","embeddable":true,"href":"https:\/\/ucnoqta.az\/index.php?rest_route=%2Fwp%2Fv2%2Ftags&post=234464"}],"curies":[{"name":"wp","href":"https:\/\/api.w.org\/{rel}","templated":true}]}}