{"id":234459,"date":"2025-11-28T16:13:16","date_gmt":"2025-11-28T12:13:16","guid":{"rendered":""},"modified":"-0001-11-30T00:00:00","modified_gmt":"-0001-11-29T20:00:00","slug":"","status":"publish","type":"post","link":"https:\/\/ucnoqta.az\/?p=234459","title":{"rendered":"Hikm\u0259t Hac\u0131yev NATO Ba\u015f Q\u0259rargah\u0131nda blok r\u0259hb\u0259rliyi il\u0259 g\u00f6r\u00fc\u015f ke\u00e7irib"},"content":{"rendered":"<p><strong>Az\u0259rbaycan Prezidentinin k&ouml;m\u0259k&ccedil;isi &#8211; Az\u0259rbaycan Prezident Administrasiyas\u0131n\u0131n Xarici siyas\u0259t m\u0259s\u0259l\u0259l\u0259ri \u015f&ouml;b\u0259sinin m&uuml;diri Hikm\u0259t Hac\u0131yev Br&uuml;sseld\u0259 NATO Ba\u015f Q\u0259rargah\u0131n\u0131 ziyar\u0259t edib.<\/strong><\/p>\n<p>Ucnoqta.az x\u0259b\u0259r verir ki, bu bar\u0259d\u0259 Az\u0259rbaycan\u0131n NATO-dak\u0131 n&uuml;may\u0259nd\u0259liyi &quot;X&quot; hesab\u0131nda m\u0259lumat verib.<\/p>\n<p>Br&uuml;ssel\u0259 s\u0259f\u0259ri &ccedil;\u0259r&ccedil;iv\u0259sind\u0259 NATO Ba\u015f Q\u0259rargah\u0131nda Az\u0259rbaycan Prezidentinin k&ouml;m\u0259k&ccedil;isi NATO-nun \u015eimal Atlantik \u015euras\u0131n\u0131n s\u0259firl\u0259ri, el\u0259c\u0259 d\u0259 Ba\u015f katibin siyasi m\u0259s\u0259l\u0259l\u0259r v\u0259 t\u0259hl&uuml;k\u0259sizlik siyas\u0259ti &uuml;zr\u0259 k&ouml;m\u0259k&ccedil;isi Ruqe Borisl\u0259 g&ouml;r&uuml;\u015f&uuml;b.<\/p>\n<p>G&ouml;r&uuml;\u015f zaman\u0131 NATO-nun \u015eimal Atlantik \u015euras\u0131 s\u0259firl\u0259rinin Az\u0259rbaycana s\u0259f\u0259ri v\u0259 Prezident \u0130lham \u018fliyevl\u0259 g&ouml;r&uuml;\u015f&uuml; xat\u0131rlan\u0131b.<\/p>\n<p>T\u0259r\u0259fl\u0259r geni\u015fmiqyasl\u0131 m\u0259s\u0259l\u0259l\u0259r &uuml;zr\u0259, o c&uuml;ml\u0259d\u0259n u\u011furlu Az\u0259rbaycan-NATO t\u0259r\u0259fda\u015fl\u0131\u011f\u0131 v\u0259 \u0259m\u0259kda\u015fl\u0131q perspektivl\u0259ri bar\u0259d\u0259, Avropan\u0131n enerji t\u0259hl&uuml;k\u0259sizliyi, regional t\u0259hl&uuml;k\u0259sizliy\u0259 dair m\u0259s\u0259l\u0259l\u0259r v\u0259 Az\u0259rbaycan-Erm\u0259nistan s&uuml;lh g&uuml;nd\u0259liyi \u0259traf\u0131nda fikir m&uuml;badil\u0259si apar\u0131blar.<\/p>\n","protected":false},"excerpt":{"rendered":"<p>Az\u0259rbaycan Prezidentinin k&ouml;m\u0259k&ccedil;isi &#8211; Az\u0259rbaycan Prezident Administrasiyas\u0131n\u0131n Xarici siyas\u0259t m\u0259s\u0259l\u0259l\u0259ri \u015f&ouml;b\u0259sinin m&uuml;diri Hikm\u0259t Hac\u0131yev Br&uuml;sseld\u0259 NATO Ba\u015f Q\u0259rargah\u0131n\u0131 ziyar\u0259t edib. Ucnoqta.az x\u0259b\u0259r verir ki, bu bar\u0259d\u0259 Az\u0259rbaycan\u0131n NATO-dak\u0131 n&uuml;may\u0259nd\u0259liyi &quot;X&quot;&hellip;<\/p>\n","protected":false},"author":1,"featured_media":251278,"comment_status":"open","ping_status":"open","sticky":false,"template":"","format":"standard","meta":{"_lmt_disableupdate":"","_lmt_disable":"","footnotes":""},"categories":[],"tags":[],"class_list":["post-234459","post","type-post","status-publish","format-standard","has-post-thumbnail","hentry"],"_links":{"self":[{"href":"https:\/\/ucnoqta.az\/index.php?rest_route=\/wp\/v2\/posts\/234459","targetHints":{"allow":["GET"]}}],"collection":[{"href":"https:\/\/ucnoqta.az\/index.php?rest_route=\/wp\/v2\/posts"}],"about":[{"href":"https:\/\/ucnoqta.az\/index.php?rest_route=\/wp\/v2\/types\/post"}],"author":[{"embeddable":true,"href":"https:\/\/ucnoqta.az\/index.php?rest_route=\/wp\/v2\/users\/1"}],"replies":[{"embeddable":true,"href":"https:\/\/ucnoqta.az\/index.php?rest_route=%2Fwp%2Fv2%2Fcomments&post=234459"}],"version-history":[{"count":0,"href":"https:\/\/ucnoqta.az\/index.php?rest_route=\/wp\/v2\/posts\/234459\/revisions"}],"wp:featuredmedia":[{"embeddable":true,"href":"https:\/\/ucnoqta.az\/index.php?rest_route=\/wp\/v2\/media\/251278"}],"wp:attachment":[{"href":"https:\/\/ucnoqta.az\/index.php?rest_route=%2Fwp%2Fv2%2Fmedia&parent=234459"}],"wp:term":[{"taxonomy":"category","embeddable":true,"href":"https:\/\/ucnoqta.az\/index.php?rest_route=%2Fwp%2Fv2%2Fcategories&post=234459"},{"taxonomy":"post_tag","embeddable":true,"href":"https:\/\/ucnoqta.az\/index.php?rest_route=%2Fwp%2Fv2%2Ftags&post=234459"}],"curies":[{"name":"wp","href":"https:\/\/api.w.org\/{rel}","templated":true}]}}