{"id":234455,"date":"2025-11-28T14:34:55","date_gmt":"2025-11-28T10:34:55","guid":{"rendered":""},"modified":"-0001-11-30T00:00:00","modified_gmt":"-0001-11-29T20:00:00","slug":"","status":"publish","type":"post","link":"https:\/\/ucnoqta.az\/?p=234455","title":{"rendered":"Xank\u0259ndid\u0259 silahl\u0131 t\u0259xribat planla\u015fd\u0131ran erm\u0259niin m\u0259hk\u0259m\u0259si ba\u015flay\u0131r"},"content":{"rendered":"<p><strong>Xank\u0259ndid\u0259 terror&ccedil;uluq v\u0259 dig\u0259r x&uuml;susil\u0259 a\u011f\u0131r cinay\u0259tl\u0259r t&ouml;r\u0259tm\u0259kd\u0259 t\u0259qsirl\u0259ndiril\u0259n \u015f\u0259xsin bar\u0259sind\u0259&nbsp;cinay\u0259t i\u015fi m\u0259hk\u0259m\u0259y\u0259 g&ouml;nd\u0259rilib.<\/strong><\/p>\n<p>Ucnoqta.az x\u0259b\u0259r verir ki, bu bar\u0259d\u0259 Ba\u015f Prokurorlu\u011fun M\u0259tbuat xidm\u0259ti m\u0259lumat yay\u0131b.<\/p>\n<p>Bildirilib ki, bu il&nbsp;sentyabr\u0131n 14-d\u0259&nbsp;Az\u0259rbaycan Respublikas\u0131n\u0131n Xank\u0259ndi \u015f\u0259h\u0259ri \u0259razisind\u0259 odlu silah v\u0259 d&ouml;y&uuml;\u015f sursatlar\u0131ndan at\u0259\u015f a&ccedil;\u0131lmaqla partlay\u0131\u015fla n\u0259tic\u0259l\u0259n\u0259n terror&ccedil;uluq edilm\u0259si, habel\u0259 terror&ccedil;uluqla \u0259laq\u0259dar ikid\u0259n &ccedil;ox polis \u0259m\u0259kda\u015f\u0131n\u0131n q\u0259sd\u0259n &ouml;ld&uuml;r&uuml;lm\u0259sin\u0259 c\u0259hd edilm\u0259si v\u0259 dig\u0259r faktkar &uuml;zr\u0259 Ba\u015f Prokurorlu\u011fun \u0130stintaq idar\u0259sind\u0259 Az\u0259rbaycan Respublikas\u0131n\u0131n Cinay\u0259t M\u0259c\u0259ll\u0259sinin m&uuml;vafiq madd\u0259l\u0259ri ba\u015flanm\u0131\u015f cinay\u0259t i\u015finin ibtidai istintaq\u0131 yekunla\u015f\u0131b.<\/p>\n<p>\u0130stintaq t\u0259dbirl\u0259ril\u0259, Xank\u0259ndi \u015f\u0259h\u0259rinin erm\u0259ni\u0259silli sakini, 1967-ci il t\u0259v\u0259ll&uuml;dl&uuml; Karen Avanesyan\u0131n bir s\u0131ra x&uuml;susil\u0259 a\u011f\u0131r cinay\u0259tl\u0259r t&ouml;r\u0259tm\u0259sin\u0259 \u0259sasl\u0131 \u015f&uuml;bh\u0259l\u0259r m&uuml;\u0259yy\u0259n edilib.<\/p>\n<p>Bel\u0259 ki, K.Avanesyan ictimai t\u0259hl&uuml;k\u0259sizliyi pozmaq, \u0259hali aras\u0131nda vahim\u0259 yaratmaq m\u0259qs\u0259dil\u0259, partlay\u0131\u015flar\u0131n t&ouml;r\u0259dilm\u0259si, insanlar\u0131n &ouml;ld&uuml;r&uuml;lm\u0259si v\u0259 dig\u0259r ictimai t\u0259hl&uuml;k\u0259li n\u0259tic\u0259l\u0259rin ba\u015f verm\u0259si il\u0259 m&uuml;\u015fayi\u0259t olunan terror&ccedil;uluq \u0259m\u0259li, habel\u0259 terror&ccedil;uluqla \u0259laq\u0259dar q\u0259sd\u0259n adam &ouml;ld&uuml;rm\u0259 cinay\u0259tl\u0259rini t&ouml;r\u0259tm\u0259k m\u0259qs\u0259dil\u0259 Xank\u0259ndi \u015f\u0259h\u0259rinin \u0259razisind\u0259 2023-c&uuml; ilin sentyabr ay\u0131na kimi f\u0259aliyy\u0259t g&ouml;st\u0259rmi\u015f qanunsuz silahl\u0131 birl\u0259\u015fm\u0259l\u0259rd\u0259n qalm\u0131\u015f odlu silah &#8211; &ldquo;AKMS&rdquo; markal\u0131 avtomat silah\u0131, onun komplekt hiss\u0259l\u0259rini, habel\u0259 &ccedil;ox sayda \u0259l qumbaralar\u0131n\u0131 \u0259ld\u0259 edib h\u0259min \u015f\u0259h\u0259rin \u0259razisind\u0259 gizl\u0259d\u0259r\u0259k uzun m&uuml;dd\u0259t saxlay\u0131b, cinay\u0259tkar niyy\u0259tini h\u0259yata ke&ccedil;irm\u0259k &uuml;&ccedil;&uuml;n sentyabr\u0131n 14-d\u0259 saat 07 rad\u0259l\u0259rind\u0259 ya\u015fad\u0131\u011f\u0131 sosial s\u0131\u011f\u0131naca\u011f\u0131 h\u0259r hans\u0131 bir s\u0259b\u0259b bildirm\u0259d\u0259n t\u0259rk edib gizl\u0259tdiyi silah-sursatlar\u0131 g&ouml;t&uuml;r\u0259r\u0259k at\u0259\u015f\u0259 haz\u0131r v\u0259ziyy\u0259t\u0259 g\u0259tirib, saat 09 rad\u0259l\u0259rind\u0259 ya\u015fay\u0131\u015f olmayan ba\u015fqa bir ev\u0259 girib m&ouml;vqe tutmaqla polis \u0259m\u0259kda\u015flar\u0131n\u0131n yax\u0131nla\u015fmas\u0131n\u0131 g&ouml;zl\u0259yib, onun oldu\u011fu yeri m&uuml;\u0259yy\u0259nl\u0259\u015fdirm\u0259y\u0259 &ccedil;al\u0131\u015fan polis \u0259m\u0259kda\u015flar\u0131n\u0131n say\u0131n\u0131n &ccedil;oxlu\u011funu m&uuml;\u015fahid\u0259 etdikd\u0259n sonra qabaqcadan planla\u015fd\u0131rd\u0131\u011f\u0131 terror&ccedil;uluq v\u0259 &ccedil;oxsayl\u0131 hakimiyy\u0259t n&uuml;may\u0259nd\u0259l\u0259rini &ouml;ld&uuml;rm\u0259k &uuml;&ccedil;&uuml;n \u015f\u0259raitin yeti\u015fdiyi q\u0259na\u0259tin\u0259 g\u0259l\u0259r\u0259k gizl\u0259ndiyi yerd\u0259n avtomat silahdan ona yax\u0131nla\u015fan polis \u0259m\u0259kda\u015flar\u0131na nizams\u0131z &ccedil;oxsayl\u0131 at\u0259\u015fl\u0259r a&ccedil;\u0131b, ard\u0131nca is\u0259 \u0259l qumbaralar\u0131n\u0131 polis \u0259m\u0259kda\u015flar\u0131n\u0131n olduqlar\u0131 yer\u0259 ataraq partlad\u0131b.<\/p>\n<p>N\u0259tic\u0259d\u0259 3 n\u0259f\u0259r polis \u0259m\u0259kda\u015f\u0131 m&uuml;xt\u0259lif d\u0259r\u0259c\u0259li b\u0259d\u0259n x\u0259sar\u0259tl\u0259ri alm\u0131\u015f, hadis\u0259 yerind\u0259n t\u0259xliyy\u0259 edil\u0259r\u0259k z\u0259ruri tibbi yard\u0131mlar g&ouml;s\u0259tirildiyind\u0259n h\u0259yatlar\u0131n\u0131 xilas etm\u0259k m&uuml;mk&uuml;n olub.<\/p>\n<p>Bundan ba\u015fqa, qanunvericiliyin t\u0259l\u0259bl\u0259rin\u0259 v\u0259 edil\u0259n d\u0259f\u0259l\u0259rl\u0259 x\u0259b\u0259rdarl\u0131qlara baxmayaraq, Karen Avanesyan hakimiyy\u0259t n&uuml;may\u0259nd\u0259l\u0259rinin qanuni t\u0259l\u0259bl\u0259rin\u0259 tabe olmaqdan boyun qa&ccedil;\u0131rd\u0131\u011f\u0131 &uuml;&ccedil;&uuml;n polis \u0259m\u0259kda\u015flar\u0131 t\u0259r\u0259find\u0259n odlu silah t\u0259tbiq olunmaqla saxlan\u0131l\u0131b, ard\u0131nca is\u0259 z\u0259ruri tibbi yard\u0131mlar g&ouml;st\u0259rilm\u0259kl\u0259 x\u0259st\u0259xanada m&uuml;alic\u0259 edilib.<\/p>\n<p>Cinay\u0259t i\u015fi &uuml;zr\u0259 toplanm\u0131\u015f s&uuml;butlar \u0259sas\u0131nda Karen Avanesyan Cinay\u0259t M\u0259c\u0259ll\u0259sinin 29,120.2.3, 29,120.2.4, 29,120.2.7, 29,120.2.11 (xidm\u0259ti v\u0259zif\u0259sini yerin\u0259 yetirm\u0259si il\u0259 \u0259laq\u0259dar &uuml;mumi t\u0259hl&uuml;k\u0259li &uuml;sulla iki v\u0259 daha &ccedil;ox \u015f\u0259xsi terror&ccedil;uluqla \u0259laq\u0259dar q\u0259sd\u0259n &ouml;ld&uuml;rm\u0259y\u0259 c\u0259hd q\u0259sd\u0259n adam &ouml;ld&uuml;rm\u0259y\u0259 c\u0259hd), (q\u0259sd\u0259n adam &ouml;ld&uuml;rm\u0259y\u0259 c\u0259hd), 214.2.3 (odlu silahdan v\u0259 silah qismind\u0259 istifad\u0259 olunan predmetl\u0259rd\u0259n istifad\u0259 terror&ccedil;uluq t&ouml;r\u0259dildikd\u0259), 228.1 (qanunsuz olaraq odlu silah, onun komplekt hiss\u0259l\u0259rini, d&ouml;y&uuml;\u015f sursat\u0131n\u0131 \u0259ld\u0259 etm\u0259, saxlama v\u0259 da\u015f\u0131ma) v\u0259 315-ci (hakimiyy\u0259t n&uuml;may\u0259nd\u0259sin\u0259 qar\u015f\u0131 m&uuml;qavim\u0259t g&ouml;st\u0259rm\u0259 v\u0259 zor t\u0259tbiq etm\u0259) madd\u0259l\u0259ri il\u0259 t\u0259qsirl\u0259ndiril\u0259n \u015f\u0259xs qismind\u0259 c\u0259lb olunub.<\/p>\n<p>Karen Avanesyan bar\u0259sind\u0259 ibtidai istintaq orqan\u0131n\u0131n v\u0259sat\u0259ti, ibtidai ara\u015fd\u0131rmaya prosessual r\u0259hb\u0259rliyi h\u0259yata ke&ccedil;ir\u0259n prokurorun t\u0259qdimat\u0131 \u0259sas\u0131nda Xank\u0259ndi \u015f\u0259h\u0259r m\u0259hk\u0259m\u0259sinin q\u0259rar\u0131 il\u0259 h\u0259bs q\u0259timkan t\u0259dbiri se&ccedil;ilib.<\/p>\n<p>Cinay\u0259t i\u015fi &uuml;zr\u0259 ibtidai istintaq tamamlanaraq bax\u0131lmas\u0131 &uuml;&ccedil;&uuml;n aidiyy\u0259ti &uuml;zr\u0259 G\u0259nc\u0259 A\u011f\u0131r Cinay\u0259tl\u0259r M\u0259hk\u0259m\u0259sin\u0259 g&ouml;nd\u0259rilib.<\/p>\n","protected":false},"excerpt":{"rendered":"<p>Xank\u0259ndid\u0259 terror&ccedil;uluq v\u0259 dig\u0259r x&uuml;susil\u0259 a\u011f\u0131r cinay\u0259tl\u0259r t&ouml;r\u0259tm\u0259kd\u0259 t\u0259qsirl\u0259ndiril\u0259n \u015f\u0259xsin bar\u0259sind\u0259&nbsp;cinay\u0259t i\u015fi m\u0259hk\u0259m\u0259y\u0259 g&ouml;nd\u0259rilib. Ucnoqta.az x\u0259b\u0259r verir ki, bu bar\u0259d\u0259 Ba\u015f Prokurorlu\u011fun M\u0259tbuat xidm\u0259ti m\u0259lumat yay\u0131b. Bildirilib ki, bu il&nbsp;sentyabr\u0131n&hellip;<\/p>\n","protected":false},"author":1,"featured_media":251278,"comment_status":"open","ping_status":"open","sticky":false,"template":"","format":"standard","meta":{"_lmt_disableupdate":"","_lmt_disable":"","footnotes":""},"categories":[],"tags":[],"class_list":["post-234455","post","type-post","status-publish","format-standard","has-post-thumbnail","hentry"],"_links":{"self":[{"href":"https:\/\/ucnoqta.az\/index.php?rest_route=\/wp\/v2\/posts\/234455","targetHints":{"allow":["GET"]}}],"collection":[{"href":"https:\/\/ucnoqta.az\/index.php?rest_route=\/wp\/v2\/posts"}],"about":[{"href":"https:\/\/ucnoqta.az\/index.php?rest_route=\/wp\/v2\/types\/post"}],"author":[{"embeddable":true,"href":"https:\/\/ucnoqta.az\/index.php?rest_route=\/wp\/v2\/users\/1"}],"replies":[{"embeddable":true,"href":"https:\/\/ucnoqta.az\/index.php?rest_route=%2Fwp%2Fv2%2Fcomments&post=234455"}],"version-history":[{"count":0,"href":"https:\/\/ucnoqta.az\/index.php?rest_route=\/wp\/v2\/posts\/234455\/revisions"}],"wp:featuredmedia":[{"embeddable":true,"href":"https:\/\/ucnoqta.az\/index.php?rest_route=\/wp\/v2\/media\/251278"}],"wp:attachment":[{"href":"https:\/\/ucnoqta.az\/index.php?rest_route=%2Fwp%2Fv2%2Fmedia&parent=234455"}],"wp:term":[{"taxonomy":"category","embeddable":true,"href":"https:\/\/ucnoqta.az\/index.php?rest_route=%2Fwp%2Fv2%2Fcategories&post=234455"},{"taxonomy":"post_tag","embeddable":true,"href":"https:\/\/ucnoqta.az\/index.php?rest_route=%2Fwp%2Fv2%2Ftags&post=234455"}],"curies":[{"name":"wp","href":"https:\/\/api.w.org\/{rel}","templated":true}]}}