{"id":234450,"date":"2025-11-28T13:52:06","date_gmt":"2025-11-28T09:52:06","guid":{"rendered":""},"modified":"-0001-11-30T00:00:00","modified_gmt":"-0001-11-29T20:00:00","slug":"","status":"publish","type":"post","link":"https:\/\/ucnoqta.az\/?p=234450","title":{"rendered":"Koxalski penaltini qaytarma\u011f\u0131ndan dan\u0131\u015fd\u0131:"},"content":{"rendered":"<p><strong>&quot;Qaraba\u011f&quot;\u0131n pol\u015fal\u0131 qap\u0131&ccedil;\u0131s\u0131 Mateu\u015f Koxalski (Mateusz Kochalski) bu m&ouml;vs&uuml;m &Ccedil;empionlar Liqas\u0131nda komandas\u0131n\u0131n \u0259n sabit v\u0259 diqq\u0259t&ccedil;\u0259k\u0259n futbol&ccedil;ular\u0131ndan birin\u0259 &ccedil;evrilib. 25 ya\u015fl\u0131 qolkiper &quot;Benfika&quot; v\u0259 &quot;Kopenhagen&quot;l\u0259 g&ouml;r&uuml;\u015fl\u0259rd\u0259 g&ouml;st\u0259rdiyi &ccedil;\u0131x\u0131\u015fla ad\u0131ndan s&ouml;z etdirmi\u015fdi. O, h\u0259tta &quot;Napoli&quot; il\u0259 son oyunda m\u0259\u011flubiyy\u0259t\u0259 baxmayaraq, y&uuml;ks\u0259k qiym\u0259tl\u0259r al\u0131b.<\/strong><\/p>\n<p>Ucnoqta.az Pol\u015fa m\u0259tbuat\u0131na istinad\u0259n x\u0259b\u0259r verir ki, o, &ccedil;\u0259r\u015f\u0259nb\u0259 ax\u015fam\u0131 ke&ccedil;iril\u0259n &quot;Napoli&quot; &ndash; &quot;Qaraba\u011f&quot; mat&ccedil;\u0131nda penalti qaytaran yeddinci pol\u015fal\u0131 qap\u0131&ccedil;\u0131 kimi &Ccedil;empionlar Liqas\u0131n\u0131n tarixin\u0259 d&uuml;\u015f&uuml;b. Bu performansdan sonra azarke\u015fl\u0259r v\u0259 futbol m&uuml;t\u0259x\u0259ssisl\u0259ri 25 ya\u015fl\u0131 qap\u0131&ccedil;\u0131n\u0131n b&ouml;y&uuml;k kluba transfer vaxt\u0131n\u0131n &ccedil;atd\u0131\u011f\u0131n\u0131 d&uuml;\u015f&uuml;n&uuml;rl\u0259r. Koxalskinin &ouml;z&uuml; d\u0259 bu fikr\u0259 qism\u0259n qat\u0131ld\u0131\u011f\u0131n\u0131 &quot;Kanal Sportov\u0131ya&quot;ya (Pol\u015fa) m&uuml;sahib\u0259sind\u0259 etiraf edib.<\/p>\n<p>O deyib: &ldquo;Az\u0259rbaycanda ilk vaxtlar &ouml;z&uuml;m&uuml; ideal hiss etmirdim, Avropaya qay\u0131tmaq ist\u0259yirdim. Amma bu, m&uuml;mk&uuml;n olmad\u0131 v\u0259 qalmaqla yax\u015f\u0131 q\u0259rar vermi\u015f oldum. \u0130ndi m\u0259qs\u0259dim daha da inki\u015faf etm\u0259k, ir\u0259li getm\u0259k v\u0259 arzular\u0131m u\u011frunda m&uuml;bariz\u0259 aparmaqd\u0131r&rdquo;, &ndash; dey\u0259 o bildirib.&nbsp;<\/p>\n<p>Qeyd ed\u0259k ki, oktyabr ay\u0131nda onunla &ldquo;Borussiya Dortmund&rdquo;un maraqland\u0131\u011f\u0131 x\u0259b\u0259rl\u0259ri yay\u0131lm\u0131\u015fd\u0131.<\/p>\n<p>&quot;Napoli&quot; il\u0259 mat&ccedil;\u0131n \u0259n yax\u015f\u0131 oyun&ccedil;ular\u0131ndan biri olmas\u0131na baxmayaraq, Koxalski n\u0259tic\u0259d\u0259n m\u0259mnun qalmad\u0131\u011f\u0131n\u0131 deyib: &ldquo;Oyundan sonra emosiyalar var idi, amma daha &ccedil;ox m\u0259nfi&hellip; &Ccedil;&uuml;nki uduzduq&rdquo;.<\/p>\n<p>O, penaltil\u0259r\u0259 nec\u0259 haz\u0131rla\u015fd\u0131\u011f\u0131n\u0131 da a&ccedil;\u0131qlay\u0131b: &ldquo;X&uuml;susi n\u0259z\u0259riyy\u0259l\u0259rim yoxdur. Analiz ed\u0259rk\u0259n futbol&ccedil;unun z\u0259rb\u0259d\u0259n \u0259vv\u0259l dayan\u0131b-dayanmad\u0131\u011f\u0131n\u0131, q\u0259rib\u0259 h\u0259r\u0259k\u0259tl\u0259r edib-etm\u0259diyini, ad\u0259t\u0259n hans\u0131 k&uuml;nc\u0259 vurdu\u011funu izl\u0259yir\u0259m. \u0130ki oyun&ccedil;unu analiz etmi\u015fdim, amma H&ouml;ylundu yox. Ona g&ouml;r\u0259 meydanda tez q\u0259rar verm\u0259li oldum&rdquo;.<\/p>\n<p>Koxalski &quot;Qaraba\u011f&quot;\u0131n Az\u0259rbaycandan g&ouml;rd&uuml;y&uuml; d\u0259st\u0259kd\u0259n d\u0259 dan\u0131\u015f\u0131b: &ldquo;Qaraba\u011f&quot; b&uuml;t&uuml;n &ouml;lk\u0259nin q&uuml;rurudur. Yax\u015f\u0131 oynay\u0131r\u0131q, g&uuml;cl&uuml; r\u0259qibl\u0259ri m\u0259\u011flub edirik. Komanda ill\u0259rdir &Ccedil;empionlar Liqas\u0131na hesablanaraq qurulur, m\u0259\u015fq&ccedil;i d\u0259 &ccedil;ox rotasiya edir. Bu m&ouml;vs&uuml;m bel\u0259 n\u0259tic\u0259 \u0259ld\u0259 ed\u0259c\u0259yimizi he&ccedil; kim g&ouml;zl\u0259mirdi. &Uuml;&ccedil; oyun qal\u0131b v\u0259 pley-offa &ccedil;\u0131xmaq imkan\u0131m\u0131z reald\u0131r&rdquo;.\/\/\/qol.az<\/p>\n","protected":false},"excerpt":{"rendered":"<p>&quot;Qaraba\u011f&quot;\u0131n pol\u015fal\u0131 qap\u0131&ccedil;\u0131s\u0131 Mateu\u015f Koxalski (Mateusz Kochalski) bu m&ouml;vs&uuml;m &Ccedil;empionlar Liqas\u0131nda komandas\u0131n\u0131n \u0259n sabit v\u0259 diqq\u0259t&ccedil;\u0259k\u0259n futbol&ccedil;ular\u0131ndan birin\u0259 &ccedil;evrilib. 25 ya\u015fl\u0131 qolkiper &quot;Benfika&quot; v\u0259 &quot;Kopenhagen&quot;l\u0259 g&ouml;r&uuml;\u015fl\u0259rd\u0259 g&ouml;st\u0259rdiyi &ccedil;\u0131x\u0131\u015fla ad\u0131ndan s&ouml;z&hellip;<\/p>\n","protected":false},"author":1,"featured_media":251278,"comment_status":"open","ping_status":"open","sticky":false,"template":"","format":"standard","meta":{"_lmt_disableupdate":"","_lmt_disable":"","footnotes":""},"categories":[90],"tags":[],"class_list":["post-234450","post","type-post","status-publish","format-standard","has-post-thumbnail","hentry","category-idman-butun-xeberler"],"_links":{"self":[{"href":"https:\/\/ucnoqta.az\/index.php?rest_route=\/wp\/v2\/posts\/234450","targetHints":{"allow":["GET"]}}],"collection":[{"href":"https:\/\/ucnoqta.az\/index.php?rest_route=\/wp\/v2\/posts"}],"about":[{"href":"https:\/\/ucnoqta.az\/index.php?rest_route=\/wp\/v2\/types\/post"}],"author":[{"embeddable":true,"href":"https:\/\/ucnoqta.az\/index.php?rest_route=\/wp\/v2\/users\/1"}],"replies":[{"embeddable":true,"href":"https:\/\/ucnoqta.az\/index.php?rest_route=%2Fwp%2Fv2%2Fcomments&post=234450"}],"version-history":[{"count":0,"href":"https:\/\/ucnoqta.az\/index.php?rest_route=\/wp\/v2\/posts\/234450\/revisions"}],"wp:featuredmedia":[{"embeddable":true,"href":"https:\/\/ucnoqta.az\/index.php?rest_route=\/wp\/v2\/media\/251278"}],"wp:attachment":[{"href":"https:\/\/ucnoqta.az\/index.php?rest_route=%2Fwp%2Fv2%2Fmedia&parent=234450"}],"wp:term":[{"taxonomy":"category","embeddable":true,"href":"https:\/\/ucnoqta.az\/index.php?rest_route=%2Fwp%2Fv2%2Fcategories&post=234450"},{"taxonomy":"post_tag","embeddable":true,"href":"https:\/\/ucnoqta.az\/index.php?rest_route=%2Fwp%2Fv2%2Ftags&post=234450"}],"curies":[{"name":"wp","href":"https:\/\/api.w.org\/{rel}","templated":true}]}}