{"id":230745,"date":"2025-09-19T09:20:02","date_gmt":"2025-09-19T05:20:02","guid":{"rendered":""},"modified":"-0001-11-30T00:00:00","modified_gmt":"-0001-11-29T20:00:00","slug":"","status":"publish","type":"post","link":"https:\/\/ucnoqta.az\/?p=230745","title":{"rendered":"L\u0259nk\u0259randa avtomobil m\u0259kt\u0259b\u0259 ged\u0259n bac\u0131-qarda\u015f\u0131 vuraraq \u00f6ld\u00fcr\u00fcb"},"content":{"rendered":"<p>L\u0259nk\u0259randa m\u0259kt\u0259blil\u0259rin &ouml;l&uuml;m&uuml; il\u0259 n\u0259tic\u0259l\u0259n\u0259n yol-n\u0259qliyyat hadis\u0259si ba\u015f verib.<\/p>\n<p>APA-n\u0131n verdiyi x\u0259b\u0259r\u0259 g&ouml;r\u0259, hadis\u0259 L\u0259nk\u0259ran-Lerik magistral\u0131nda L\u0259nk\u0259ran rayonun \u015eovu k\u0259ndind\u0259 qeyd\u0259 al\u0131n\u0131b.<\/p>\n<p>H\u0259r\u0259k\u0259td\u0259 olan &quot;Mercedes&quot; markal\u0131 n\u0259qliyyat vasit\u0259si m\u0259kt\u0259b\u0259 ged\u0259n \u015fagirdl\u0259r bac\u0131 2017-ci il t\u0259v\u0259ll&uuml;dl&uuml; G&uuml;lay \u018flizad\u0259, qarda\u015f\u0131 2016-c\u0131 il t\u0259v\u0259ll&uuml;dl&uuml; Ramid \u018fliyevi vurub. H\u0259r iki m\u0259rt\u0259b\u0259li a\u011f\u0131r v\u0259ziyy\u0259td\u0259 L\u0259nk\u0259ran rayon m\u0259rk\u0259zi x\u0259st\u0259xanas\u0131na hospitalizasiya olunub. Buna baxmayaraq onlar\u0131n h\u0259yat\u0131n\u0131 xilas etm\u0259k m&uuml;mk&uuml;n olmay\u0131b.<\/p>\n<p>Meyitl\u0259r aidiyy\u0259ti &uuml;zr\u0259 t\u0259hvil verilib.<\/p>\n<p>Qeyd ed\u0259k ki, hadis\u0259ni t&ouml;r\u0259d\u0259n &quot;Mercedes&quot; markal\u0131 n\u0259qliyyat vasit\u0259si q\u0259zadan sonra idar\u0259etm\u0259ni itir\u0259r\u0259k yol k\u0259nar\u0131na &ccedil;\u0131x\u0131b.<\/p>\n<p>Faktla ba\u011fl\u0131 ara\u015fd\u0131rma apar\u0131l\u0131r.<\/p>\n","protected":false},"excerpt":{"rendered":"<p>L\u0259nk\u0259randa m\u0259kt\u0259blil\u0259rin &ouml;l&uuml;m&uuml; il\u0259 n\u0259tic\u0259l\u0259n\u0259n yol-n\u0259qliyyat hadis\u0259si ba\u015f verib. APA-n\u0131n verdiyi x\u0259b\u0259r\u0259 g&ouml;r\u0259, hadis\u0259 L\u0259nk\u0259ran-Lerik magistral\u0131nda L\u0259nk\u0259ran rayonun \u015eovu k\u0259ndind\u0259 qeyd\u0259 al\u0131n\u0131b. H\u0259r\u0259k\u0259td\u0259 olan &quot;Mercedes&quot; markal\u0131 n\u0259qliyyat vasit\u0259si m\u0259kt\u0259b\u0259 ged\u0259n&hellip;<\/p>\n","protected":false},"author":1,"featured_media":251278,"comment_status":"open","ping_status":"open","sticky":false,"template":"","format":"standard","meta":{"_lmt_disableupdate":"","_lmt_disable":"","footnotes":""},"categories":[],"tags":[],"class_list":["post-230745","post","type-post","status-publish","format-standard","has-post-thumbnail","hentry"],"_links":{"self":[{"href":"https:\/\/ucnoqta.az\/index.php?rest_route=\/wp\/v2\/posts\/230745","targetHints":{"allow":["GET"]}}],"collection":[{"href":"https:\/\/ucnoqta.az\/index.php?rest_route=\/wp\/v2\/posts"}],"about":[{"href":"https:\/\/ucnoqta.az\/index.php?rest_route=\/wp\/v2\/types\/post"}],"author":[{"embeddable":true,"href":"https:\/\/ucnoqta.az\/index.php?rest_route=\/wp\/v2\/users\/1"}],"replies":[{"embeddable":true,"href":"https:\/\/ucnoqta.az\/index.php?rest_route=%2Fwp%2Fv2%2Fcomments&post=230745"}],"version-history":[{"count":0,"href":"https:\/\/ucnoqta.az\/index.php?rest_route=\/wp\/v2\/posts\/230745\/revisions"}],"wp:featuredmedia":[{"embeddable":true,"href":"https:\/\/ucnoqta.az\/index.php?rest_route=\/wp\/v2\/media\/251278"}],"wp:attachment":[{"href":"https:\/\/ucnoqta.az\/index.php?rest_route=%2Fwp%2Fv2%2Fmedia&parent=230745"}],"wp:term":[{"taxonomy":"category","embeddable":true,"href":"https:\/\/ucnoqta.az\/index.php?rest_route=%2Fwp%2Fv2%2Fcategories&post=230745"},{"taxonomy":"post_tag","embeddable":true,"href":"https:\/\/ucnoqta.az\/index.php?rest_route=%2Fwp%2Fv2%2Ftags&post=230745"}],"curies":[{"name":"wp","href":"https:\/\/api.w.org\/{rel}","templated":true}]}}