{"id":230735,"date":"2025-09-19T07:06:17","date_gmt":"2025-09-19T03:06:17","guid":{"rendered":""},"modified":"-0001-11-30T00:00:00","modified_gmt":"-0001-11-29T20:00:00","slug":"","status":"publish","type":"post","link":"https:\/\/ucnoqta.az\/?p=230735","title":{"rendered":"Ekvadorda be\u015f \u0259yal\u0259td\u0259 komendant saat\u0131 t\u0259tbiq edilib"},"content":{"rendered":"<p>Ekvador prezidenti Daniel Noboa dizel yanaca\u011f\u0131na veril\u0259n subsidiyalar\u0131n l\u0259\u011fvin\u0259 etiraz olaraq ba\u015f ver\u0259n qar\u015f\u0131durmalardan sonra be\u015f \u0259yal\u0259td\u0259 komendant saat\u0131 t\u0259tbiq edib v\u0259 f&ouml;vq\u0259lad\u0259 v\u0259ziyy\u0259ti s\u0259kkiz b&ouml;lg\u0259y\u0259 geni\u015fl\u0259ndirib.<\/p>\n<p>Ucnoqta.az x\u0259b\u0259r verir ki, F\u0259rman prezident administrasiyas\u0131n\u0131n sayt\u0131nda d\u0259rc olunub.<\/p>\n<p>S\u0259n\u0259dd\u0259 bildirilir ki, a\u015fa\u011f\u0131dak\u0131 \u0259yal\u0259tl\u0259rd\u0259 s\u0259h\u0259r saat 22:00-dan s\u0259h\u0259r saat 5:00-a q\u0259d\u0259r h\u0259r\u0259k\u0259t azadl\u0131\u011f\u0131na m\u0259hdudiyy\u0259tl\u0259r t\u0259tbiq edilsin: Kotopaxi, \u0130mbabura, &Ccedil;imborazo, Bolivar v\u0259 Kar&ccedil;i.<\/p>\n<p>Sentyabr\u0131n 16-da Noboa yeddi \u0259yal\u0259td\u0259 f&ouml;vq\u0259lad\u0259 v\u0259ziyy\u0259t elan etdi: Carchi, Imbabura, Pichincha, Azuay, Bolivar, Cotopaxi v\u0259 Santo Domingo. Yeni f\u0259rman &Ccedil;imborazonu siyah\u0131ya \u0259lav\u0259 edib.<\/p>\n<p>Prezident administrasiyas\u0131 h\u0259m&ccedil;inin b\u0259yanat yay\u0131b ki, terror aktlar\u0131na, yollar\u0131 qanunsuz k\u0259sm\u0259y\u0259 v\u0259 m&uuml;t\u0259\u015f\u0259kkil zorak\u0131l\u0131\u011fa \u0259l atan \u015f\u0259xsl\u0259r qanuna uy\u011fun c\u0259zaland\u0131r\u0131lacaqlar.<\/p>\n","protected":false},"excerpt":{"rendered":"<p>Ekvador prezidenti Daniel Noboa dizel yanaca\u011f\u0131na veril\u0259n subsidiyalar\u0131n l\u0259\u011fvin\u0259 etiraz olaraq ba\u015f ver\u0259n qar\u015f\u0131durmalardan sonra be\u015f \u0259yal\u0259td\u0259 komendant saat\u0131 t\u0259tbiq edib v\u0259 f&ouml;vq\u0259lad\u0259 v\u0259ziyy\u0259ti s\u0259kkiz b&ouml;lg\u0259y\u0259 geni\u015fl\u0259ndirib. Ucnoqta.az x\u0259b\u0259r verir&hellip;<\/p>\n","protected":false},"author":1,"featured_media":251278,"comment_status":"open","ping_status":"open","sticky":false,"template":"","format":"standard","meta":{"_lmt_disableupdate":"","_lmt_disable":"","footnotes":""},"categories":[89],"tags":[],"class_list":["post-230735","post","type-post","status-publish","format-standard","has-post-thumbnail","hentry","category-dunya-butun-xeberler"],"_links":{"self":[{"href":"https:\/\/ucnoqta.az\/index.php?rest_route=\/wp\/v2\/posts\/230735","targetHints":{"allow":["GET"]}}],"collection":[{"href":"https:\/\/ucnoqta.az\/index.php?rest_route=\/wp\/v2\/posts"}],"about":[{"href":"https:\/\/ucnoqta.az\/index.php?rest_route=\/wp\/v2\/types\/post"}],"author":[{"embeddable":true,"href":"https:\/\/ucnoqta.az\/index.php?rest_route=\/wp\/v2\/users\/1"}],"replies":[{"embeddable":true,"href":"https:\/\/ucnoqta.az\/index.php?rest_route=%2Fwp%2Fv2%2Fcomments&post=230735"}],"version-history":[{"count":0,"href":"https:\/\/ucnoqta.az\/index.php?rest_route=\/wp\/v2\/posts\/230735\/revisions"}],"wp:featuredmedia":[{"embeddable":true,"href":"https:\/\/ucnoqta.az\/index.php?rest_route=\/wp\/v2\/media\/251278"}],"wp:attachment":[{"href":"https:\/\/ucnoqta.az\/index.php?rest_route=%2Fwp%2Fv2%2Fmedia&parent=230735"}],"wp:term":[{"taxonomy":"category","embeddable":true,"href":"https:\/\/ucnoqta.az\/index.php?rest_route=%2Fwp%2Fv2%2Fcategories&post=230735"},{"taxonomy":"post_tag","embeddable":true,"href":"https:\/\/ucnoqta.az\/index.php?rest_route=%2Fwp%2Fv2%2Ftags&post=230735"}],"curies":[{"name":"wp","href":"https:\/\/api.w.org\/{rel}","templated":true}]}}