{"id":230734,"date":"2025-09-19T00:17:34","date_gmt":"2025-09-18T20:17:34","guid":{"rendered":""},"modified":"-0001-11-30T00:00:00","modified_gmt":"-0001-11-29T20:00:00","slug":"","status":"publish","type":"post","link":"https:\/\/ucnoqta.az\/?p=230734","title":{"rendered":"Zelenski Q\u0259t\u0259r \u0259miri il\u0259 dan\u0131\u015f\u0131qlar apar\u0131b"},"content":{"rendered":"<p><strong>Ukrayna prezidenti Volodimir Zelenski Q\u0259t\u0259r \u0259miri \u015eeyx T\u0259mim bin H\u0259m\u0259d Al Tani il\u0259 g&ouml;r&uuml;\u015f&uuml;b v\u0259 onu ukraynal\u0131 u\u015faqlar\u0131n qaytar\u0131lmas\u0131 il\u0259 ba\u011fl\u0131 Nyu-Yorkda ke&ccedil;iril\u0259c\u0259k sammit\u0259 d\u0259v\u0259t edib. <\/strong><\/p>\n<p>Ucnoqta.az bildirir ki, bu bar\u0259d\u0259 Ukrayna lideri &ouml;z Telegram kanal\u0131nda m\u0259lumat verib.<\/p>\n<p>&quot;M\u0259n Q\u0259t\u0259ri Kanada il\u0259 birlikd\u0259 Nyu-Yorkda t\u0259\u015fkil etdiyimiz sammitd\u0259 i\u015ftirak etm\u0259y\u0259 d\u0259v\u0259t etdim. O, bu m&uuml;h&uuml;m m&ouml;vzuya &#8211; u\u015faqlar\u0131m\u0131za v\u0259 onlar\u0131n geri qaytar\u0131lmas\u0131 s\u0259yl\u0259rin\u0259 h\u0259sr olunacaq. Q\u0259t\u0259rin t\u0259msil olunmas\u0131 bizim &uuml;&ccedil;&uuml;n vacibdir&quot;, &#8211; prezident qeyd edib.<\/p>\n<p>Zelenski h\u0259m&ccedil;inin Q\u0259t\u0259r \u0259mirin\u0259 Rusiyada qapal\u0131 qalan ukraynal\u0131 u\u015faqlar\u0131n geri qaytar\u0131lmas\u0131nda g&ouml;st\u0259rdiyi k&ouml;m\u0259y\u0259 g&ouml;r\u0259 t\u0259\u015f\u0259kk&uuml;r edib.<\/p>\n<p>&quot;Biz h\u0259m&ccedil;inin BMT Ba\u015f Assambleyas\u0131n\u0131n proqram\u0131n\u0131 m&uuml;zakir\u0259 etdik, \u0259laq\u0259l\u0259ri \u0259laq\u0259l\u0259ndirdik v\u0259 \u0259laq\u0259 saxlama\u011fa raz\u0131la\u015fd\u0131q&quot;, &#8211; Ukrayna prezidenti vur\u011fulay\u0131b.<\/p>\n","protected":false},"excerpt":{"rendered":"<p>Ukrayna prezidenti Volodimir Zelenski Q\u0259t\u0259r \u0259miri \u015eeyx T\u0259mim bin H\u0259m\u0259d Al Tani il\u0259 g&ouml;r&uuml;\u015f&uuml;b v\u0259 onu ukraynal\u0131 u\u015faqlar\u0131n qaytar\u0131lmas\u0131 il\u0259 ba\u011fl\u0131 Nyu-Yorkda ke&ccedil;iril\u0259c\u0259k sammit\u0259 d\u0259v\u0259t edib. Ucnoqta.az bildirir ki, bu&hellip;<\/p>\n","protected":false},"author":1,"featured_media":251278,"comment_status":"open","ping_status":"open","sticky":false,"template":"","format":"standard","meta":{"_lmt_disableupdate":"","_lmt_disable":"","footnotes":""},"categories":[89],"tags":[],"class_list":["post-230734","post","type-post","status-publish","format-standard","has-post-thumbnail","hentry","category-dunya-butun-xeberler"],"_links":{"self":[{"href":"https:\/\/ucnoqta.az\/index.php?rest_route=\/wp\/v2\/posts\/230734","targetHints":{"allow":["GET"]}}],"collection":[{"href":"https:\/\/ucnoqta.az\/index.php?rest_route=\/wp\/v2\/posts"}],"about":[{"href":"https:\/\/ucnoqta.az\/index.php?rest_route=\/wp\/v2\/types\/post"}],"author":[{"embeddable":true,"href":"https:\/\/ucnoqta.az\/index.php?rest_route=\/wp\/v2\/users\/1"}],"replies":[{"embeddable":true,"href":"https:\/\/ucnoqta.az\/index.php?rest_route=%2Fwp%2Fv2%2Fcomments&post=230734"}],"version-history":[{"count":0,"href":"https:\/\/ucnoqta.az\/index.php?rest_route=\/wp\/v2\/posts\/230734\/revisions"}],"wp:featuredmedia":[{"embeddable":true,"href":"https:\/\/ucnoqta.az\/index.php?rest_route=\/wp\/v2\/media\/251278"}],"wp:attachment":[{"href":"https:\/\/ucnoqta.az\/index.php?rest_route=%2Fwp%2Fv2%2Fmedia&parent=230734"}],"wp:term":[{"taxonomy":"category","embeddable":true,"href":"https:\/\/ucnoqta.az\/index.php?rest_route=%2Fwp%2Fv2%2Fcategories&post=230734"},{"taxonomy":"post_tag","embeddable":true,"href":"https:\/\/ucnoqta.az\/index.php?rest_route=%2Fwp%2Fv2%2Ftags&post=230734"}],"curies":[{"name":"wp","href":"https:\/\/api.w.org\/{rel}","templated":true}]}}