{"id":230721,"date":"2025-09-19T00:00:29","date_gmt":"2025-09-18T20:00:29","guid":{"rendered":""},"modified":"-0001-11-30T00:00:00","modified_gmt":"-0001-11-29T20:00:00","slug":"","status":"publish","type":"post","link":"https:\/\/ucnoqta.az\/?p=230721","title":{"rendered":"Pol\u015fada ba\u015f ver\u0259n insident PUA-lara n\u0259zar\u0259tin itirilm\u0259si n\u0259tic\u0259sind\u0259 olub &#8211;"},"content":{"rendered":"<p><strong>AB\u015e prezidenti Donald Tramp Pol\u015fada pilotsuz t\u0259yyar\u0259l\u0259rl\u0259 ba\u011fl\u0131 insidentin idar\u0259etm\u0259nin itirilm\u0259si s\u0259b\u0259bind\u0259n ba\u015f verdiyin\u0259 &uuml;mid etdiyini bildirib.<\/strong><\/p>\n<p>Ucnoqta.az x\u0259b\u0259r verir ki, o, Fox News telekanal\u0131na m&uuml;sahib\u0259sind\u0259 &quot;S\u0259hv olub-olmad\u0131\u011f\u0131n\u0131 dey\u0259 bilm\u0259r\u0259m. G\u0259lin etiraf ed\u0259k: onlar orada olmamal\u0131 idil\u0259r. Y\u0259qin ki, n\u0259zar\u0259ti itiribl\u0259r. &Uuml;mid ed\u0259k ki, bel\u0259dir&quot;.<\/p>\n<p>Tramp \u0259lav\u0259 edib ki, pilotsuz t\u0259yyar\u0259l\u0259r vurulub v\u0259 Pol\u015fa \u0259razisin\u0259 d&uuml;\u015f&uuml;b.<br \/>\n&quot;Onlar ist\u0259nil\u0259n halda&nbsp;da ora getm\u0259m\u0259li idil\u0259r&rdquo;.<\/p>\n","protected":false},"excerpt":{"rendered":"<p>AB\u015e prezidenti Donald Tramp Pol\u015fada pilotsuz t\u0259yyar\u0259l\u0259rl\u0259 ba\u011fl\u0131 insidentin idar\u0259etm\u0259nin itirilm\u0259si s\u0259b\u0259bind\u0259n ba\u015f verdiyin\u0259 &uuml;mid etdiyini bildirib. Ucnoqta.az x\u0259b\u0259r verir ki, o, Fox News telekanal\u0131na m&uuml;sahib\u0259sind\u0259 &quot;S\u0259hv olub-olmad\u0131\u011f\u0131n\u0131 dey\u0259 bilm\u0259r\u0259m.&hellip;<\/p>\n","protected":false},"author":1,"featured_media":251278,"comment_status":"open","ping_status":"open","sticky":false,"template":"","format":"standard","meta":{"_lmt_disableupdate":"","_lmt_disable":"","footnotes":""},"categories":[89],"tags":[],"class_list":["post-230721","post","type-post","status-publish","format-standard","has-post-thumbnail","hentry","category-dunya-butun-xeberler"],"_links":{"self":[{"href":"https:\/\/ucnoqta.az\/index.php?rest_route=\/wp\/v2\/posts\/230721","targetHints":{"allow":["GET"]}}],"collection":[{"href":"https:\/\/ucnoqta.az\/index.php?rest_route=\/wp\/v2\/posts"}],"about":[{"href":"https:\/\/ucnoqta.az\/index.php?rest_route=\/wp\/v2\/types\/post"}],"author":[{"embeddable":true,"href":"https:\/\/ucnoqta.az\/index.php?rest_route=\/wp\/v2\/users\/1"}],"replies":[{"embeddable":true,"href":"https:\/\/ucnoqta.az\/index.php?rest_route=%2Fwp%2Fv2%2Fcomments&post=230721"}],"version-history":[{"count":0,"href":"https:\/\/ucnoqta.az\/index.php?rest_route=\/wp\/v2\/posts\/230721\/revisions"}],"wp:featuredmedia":[{"embeddable":true,"href":"https:\/\/ucnoqta.az\/index.php?rest_route=\/wp\/v2\/media\/251278"}],"wp:attachment":[{"href":"https:\/\/ucnoqta.az\/index.php?rest_route=%2Fwp%2Fv2%2Fmedia&parent=230721"}],"wp:term":[{"taxonomy":"category","embeddable":true,"href":"https:\/\/ucnoqta.az\/index.php?rest_route=%2Fwp%2Fv2%2Fcategories&post=230721"},{"taxonomy":"post_tag","embeddable":true,"href":"https:\/\/ucnoqta.az\/index.php?rest_route=%2Fwp%2Fv2%2Ftags&post=230721"}],"curies":[{"name":"wp","href":"https:\/\/api.w.org\/{rel}","templated":true}]}}