{"id":230718,"date":"2025-09-18T21:53:09","date_gmt":"2025-09-18T17:53:09","guid":{"rendered":""},"modified":"-0001-11-30T00:00:00","modified_gmt":"-0001-11-29T20:00:00","slug":"","status":"publish","type":"post","link":"https:\/\/ucnoqta.az\/?p=230718","title":{"rendered":"\u201cPul alm\u0131\u015fam, yax\u015f\u0131 el\u0259mi\u015f\u0259m\u201d &#8211;"},"content":{"rendered":"<p><strong>Sosial \u015f\u0259b\u0259k\u0259l\u0259rd\u0259 Yasamal rayonunda yerl\u0259\u015f\u0259n 308 n&ouml;mr\u0259li m\u0259kt\u0259bin direktoru T\u0259ran\u0259 M\u0259mm\u0259dovaya m\u0259xsus oldu\u011fu iddia edil\u0259n s\u0259s yaz\u0131s\u0131 yay\u0131l\u0131b.<\/strong><\/p>\n<p>Ucnoqta.az x\u0259b\u0259r verir ki, s&ouml;z&uuml;ged\u0259n s\u0259s yaz\u0131s\u0131nda onun &ldquo;m\u0259n d\u0259 burada qulam, pul alm\u0131\u015fam, yax\u015f\u0131 el\u0259mi\u015f\u0259m&rdquo; kimi ifad\u0259l\u0259ri e\u015fidilir.<\/p>\n<p>Bununla yana\u015f\u0131, iddialara g&ouml;r\u0259, m\u0259kt\u0259bd\u0259 attestat qiym\u0259tl\u0259rinin d\u0259yi\u015fdirilm\u0259si, y\u0259ni jurnalda yaz\u0131lan qiym\u0259tl\u0259rl\u0259 s\u0259n\u0259dd\u0259 g&ouml;st\u0259ril\u0259n qiym\u0259tl\u0259rin f\u0259rqli olmas\u0131 hallar\u0131 da var.<\/p>\n<p>M\u0259kt\u0259bin direktoru iddialarla ba\u011fl\u0131 Baku TV-y\u0259 a&ccedil;\u0131qlamas\u0131nda &ouml;z&uuml;n\u0259 b\u0259ra\u0259t qazand\u0131raraq valideynl\u0259rin \u015fikay\u0259tini \u0259sasl\u0131 hesab etm\u0259diyini bildirib.<\/p>\n<p>Daha \u0259trafl\u0131 videomaterial\u0131nda:<\/p>\n<p><iframe allow=\"accelerometer; autoplay; clipboard-write; encrypted-media; gyroscope; picture-in-picture; web-share\" allowfullscreen=\"\" frameborder=\"0\" height=\"315\" referrerpolicy=\"strict-origin-when-cross-origin\" src=\"https:\/\/www.youtube.com\/embed\/_kl8A0W78Ag?si=7qCzWauEfKnFzvRC\" title=\"YouTube video player\" width=\"560\"><\/iframe><\/p>\n","protected":false},"excerpt":{"rendered":"<p>Sosial \u015f\u0259b\u0259k\u0259l\u0259rd\u0259 Yasamal rayonunda yerl\u0259\u015f\u0259n 308 n&ouml;mr\u0259li m\u0259kt\u0259bin direktoru T\u0259ran\u0259 M\u0259mm\u0259dovaya m\u0259xsus oldu\u011fu iddia edil\u0259n s\u0259s yaz\u0131s\u0131 yay\u0131l\u0131b. Ucnoqta.az x\u0259b\u0259r verir ki, s&ouml;z&uuml;ged\u0259n s\u0259s yaz\u0131s\u0131nda onun &ldquo;m\u0259n d\u0259 burada qulam,&hellip;<\/p>\n","protected":false},"author":1,"featured_media":251278,"comment_status":"open","ping_status":"open","sticky":false,"template":"","format":"standard","meta":{"_lmt_disableupdate":"","_lmt_disable":"","footnotes":""},"categories":[101],"tags":[],"class_list":["post-230718","post","type-post","status-publish","format-standard","has-post-thumbnail","hentry","category-cemiyyet"],"_links":{"self":[{"href":"https:\/\/ucnoqta.az\/index.php?rest_route=\/wp\/v2\/posts\/230718","targetHints":{"allow":["GET"]}}],"collection":[{"href":"https:\/\/ucnoqta.az\/index.php?rest_route=\/wp\/v2\/posts"}],"about":[{"href":"https:\/\/ucnoqta.az\/index.php?rest_route=\/wp\/v2\/types\/post"}],"author":[{"embeddable":true,"href":"https:\/\/ucnoqta.az\/index.php?rest_route=\/wp\/v2\/users\/1"}],"replies":[{"embeddable":true,"href":"https:\/\/ucnoqta.az\/index.php?rest_route=%2Fwp%2Fv2%2Fcomments&post=230718"}],"version-history":[{"count":0,"href":"https:\/\/ucnoqta.az\/index.php?rest_route=\/wp\/v2\/posts\/230718\/revisions"}],"wp:featuredmedia":[{"embeddable":true,"href":"https:\/\/ucnoqta.az\/index.php?rest_route=\/wp\/v2\/media\/251278"}],"wp:attachment":[{"href":"https:\/\/ucnoqta.az\/index.php?rest_route=%2Fwp%2Fv2%2Fmedia&parent=230718"}],"wp:term":[{"taxonomy":"category","embeddable":true,"href":"https:\/\/ucnoqta.az\/index.php?rest_route=%2Fwp%2Fv2%2Fcategories&post=230718"},{"taxonomy":"post_tag","embeddable":true,"href":"https:\/\/ucnoqta.az\/index.php?rest_route=%2Fwp%2Fv2%2Ftags&post=230718"}],"curies":[{"name":"wp","href":"https:\/\/api.w.org\/{rel}","templated":true}]}}