{"id":230717,"date":"2025-09-18T21:50:18","date_gmt":"2025-09-18T17:50:18","guid":{"rendered":""},"modified":"-0001-11-30T00:00:00","modified_gmt":"-0001-11-29T20:00:00","slug":"","status":"publish","type":"post","link":"https:\/\/ucnoqta.az\/?p=230717","title":{"rendered":"Ceyhun Bayramov Marta Kos il\u0259 g\u00f6r\u00fc\u015f\u00fcb"},"content":{"rendered":"<p><strong>Xarici i\u015fl\u0259r naziri Ceyhun Bayramov Avropa Komissiyas\u0131n\u0131n &ouml;lk\u0259mizd\u0259 s\u0259f\u0259rd\u0259 olan geni\u015fl\u0259nm\u0259 &uuml;zr\u0259 komissar\u0131 Marta Kos il\u0259 g&ouml;r&uuml;\u015f&uuml;b.<\/strong><\/p>\n<p>Ucnoqta.az x\u0259b\u0259r verir ki, bu bar\u0259d\u0259 X\u0130N m\u0259lumat yay\u0131b.<\/p>\n<p>G&ouml;r&uuml;\u015fd\u0259 Az\u0259rbaycan v\u0259 Avropa \u0130ttifaq\u0131 (A\u0130) aras\u0131nda m&ouml;vcud \u0259m\u0259kda\u015fl\u0131q g&uuml;nd\u0259liyind\u0259 duran m\u0259s\u0259l\u0259l\u0259r v\u0259 planlar m&uuml;zakir\u0259 olunub.<\/p>\n<p>Az\u0259rbaycan v\u0259 A\u0130 aras\u0131nda \u0259m\u0259kda\u015fl\u0131\u011f\u0131n inki\u015faf\u0131 &uuml;&ccedil;&uuml;n x&uuml;susi \u0259h\u0259miyy\u0259t k\u0259sb ed\u0259n haz\u0131rk\u0131 d&ouml;vrd\u0259 m&uuml;nasib\u0259tl\u0259rin g&uuml;cl\u0259ndirilm\u0259sind\u0259 liderl\u0259raras\u0131 t\u0259maslar\u0131n \u0259h\u0259miyy\u0259ti qeyd edilib.<\/p>\n<p>X&uuml;susil\u0259, enerji t\u0259hl&uuml;k\u0259sizliyi, n\u0259qliyyat mar\u015frutlar\u0131, habel\u0259 b\u0259rpaolunan enerji sah\u0259l\u0259ri &uuml;zr\u0259 \u0259m\u0259kda\u015fl\u0131\u011f\u0131n daha da geni\u015fl\u0259ndirilm\u0259sinin vacibliyi vur\u011fulan\u0131b. Bununla yana\u015f\u0131, \u0259traf m&uuml;hit v\u0259 iqlim d\u0259yi\u015fm\u0259l\u0259ri il\u0259 m&uuml;bariz\u0259 istiqam\u0259tind\u0259 Az\u0259rbaycanla-A\u0130 \u0259m\u0259kda\u015fl\u0131\u011f\u0131n\u0131n \u0259h\u0259miyy\u0259ti qeyd olunub.<\/p>\n<p>Nazir Ceyhun Bayramov, h\u0259m&ccedil;inin qar\u015f\u0131 t\u0259r\u0259fi postm&uuml;naqi\u015f\u0259 d&ouml;vr&uuml;nd\u0259 b&ouml;lg\u0259d\u0259 m&ouml;vcud v\u0259ziyy\u0259t v\u0259 reall\u0131qlar bar\u0259d\u0259 \u0259trafl\u0131 m\u0259lumatland\u0131r\u0131b.<\/p>\n<p>&Ouml;t\u0259n ay Va\u015finqton \u015f\u0259h\u0259rind\u0259 ba\u015f tutmu\u015f tarixi g&ouml;r&uuml;\u015f zaman\u0131 \u0259ld\u0259 olunmu\u015f raz\u0131l\u0131qlardan x&uuml;susi m\u0259mnunluq ifad\u0259 olunub. Regional normalla\u015fma v\u0259 s&uuml;lh prosesinin t\u0259\u015f\u0259bb&uuml;skar\u0131 olan &ouml;lk\u0259mizin bundan sonra da s&uuml;lh g&uuml;nd\u0259liyinin ir\u0259lil\u0259dilm\u0259si istiqam\u0259tind\u0259 s\u0259yl\u0259rini davam etdir\u0259c\u0259yi diqq\u0259t\u0259 &ccedil;atd\u0131r\u0131l\u0131b.<\/p>\n<p>G&ouml;r&uuml;\u015f zaman\u0131, h\u0259m&ccedil;inin qar\u015f\u0131l\u0131ql\u0131 maraq do\u011furan dig\u0259r ikit\u0259r\u0259fli v\u0259 regional m\u0259s\u0259l\u0259l\u0259r \u0259traf\u0131nda fikir m&uuml;badil\u0259si apar\u0131l\u0131b.<\/p>\n","protected":false},"excerpt":{"rendered":"<p>Xarici i\u015fl\u0259r naziri Ceyhun Bayramov Avropa Komissiyas\u0131n\u0131n &ouml;lk\u0259mizd\u0259 s\u0259f\u0259rd\u0259 olan geni\u015fl\u0259nm\u0259 &uuml;zr\u0259 komissar\u0131 Marta Kos il\u0259 g&ouml;r&uuml;\u015f&uuml;b. Ucnoqta.az x\u0259b\u0259r verir ki, bu bar\u0259d\u0259 X\u0130N m\u0259lumat yay\u0131b. G&ouml;r&uuml;\u015fd\u0259 Az\u0259rbaycan v\u0259 Avropa&hellip;<\/p>\n","protected":false},"author":1,"featured_media":251278,"comment_status":"open","ping_status":"open","sticky":false,"template":"","format":"standard","meta":{"_lmt_disableupdate":"","_lmt_disable":"","footnotes":""},"categories":[86],"tags":[],"class_list":["post-230717","post","type-post","status-publish","format-standard","has-post-thumbnail","hentry","category-siyaset"],"_links":{"self":[{"href":"https:\/\/ucnoqta.az\/index.php?rest_route=\/wp\/v2\/posts\/230717","targetHints":{"allow":["GET"]}}],"collection":[{"href":"https:\/\/ucnoqta.az\/index.php?rest_route=\/wp\/v2\/posts"}],"about":[{"href":"https:\/\/ucnoqta.az\/index.php?rest_route=\/wp\/v2\/types\/post"}],"author":[{"embeddable":true,"href":"https:\/\/ucnoqta.az\/index.php?rest_route=\/wp\/v2\/users\/1"}],"replies":[{"embeddable":true,"href":"https:\/\/ucnoqta.az\/index.php?rest_route=%2Fwp%2Fv2%2Fcomments&post=230717"}],"version-history":[{"count":0,"href":"https:\/\/ucnoqta.az\/index.php?rest_route=\/wp\/v2\/posts\/230717\/revisions"}],"wp:featuredmedia":[{"embeddable":true,"href":"https:\/\/ucnoqta.az\/index.php?rest_route=\/wp\/v2\/media\/251278"}],"wp:attachment":[{"href":"https:\/\/ucnoqta.az\/index.php?rest_route=%2Fwp%2Fv2%2Fmedia&parent=230717"}],"wp:term":[{"taxonomy":"category","embeddable":true,"href":"https:\/\/ucnoqta.az\/index.php?rest_route=%2Fwp%2Fv2%2Fcategories&post=230717"},{"taxonomy":"post_tag","embeddable":true,"href":"https:\/\/ucnoqta.az\/index.php?rest_route=%2Fwp%2Fv2%2Ftags&post=230717"}],"curies":[{"name":"wp","href":"https:\/\/api.w.org\/{rel}","templated":true}]}}