{"id":230716,"date":"2025-09-18T20:05:22","date_gmt":"2025-09-18T16:05:22","guid":{"rendered":""},"modified":"-0001-11-30T00:00:00","modified_gmt":"-0001-11-29T20:00:00","slug":"","status":"publish","type":"post","link":"https:\/\/ucnoqta.az\/?p=230716","title":{"rendered":"\u201cQaraba\u011f\u201d m\u0259\u015fhur h\u00fccum\u00e7unu transfer etdi"},"content":{"rendered":"<p><strong>&quot;Qaraba\u011f&quot; bu g&uuml;n n&ouml;vb\u0259ti transferini r\u0259smil\u0259\u015fdirib.<\/strong><\/p>\n<p>Ucnoqta.az Sportinfo.az-a istinad\u0259n x\u0259b\u0259r verir ki, &quot;Neft&ccedil;i&quot;d\u0259n ayr\u0131lan Ramil \u015eeydayevin yenid\u0259n A\u011fdam klubuna d&ouml;n&uuml;\u015f&uuml; realla\u015f\u0131b.<\/p>\n<p>Millinin h&uuml;cum&ccedil;usu &quot;k&ouml;hl\u0259n atlar&quot;la 1+1 illik m&uuml;qavil\u0259 imzalay\u0131b.&nbsp;<\/p>\n<p>29 ya\u015fl\u0131 forvard 2017-18 v\u0259 2021-23-c&uuml; ill\u0259rd\u0259 &quot;Qaraba\u011f&quot;\u0131n \u015f\u0259r\u0259fini qoruyub.<\/p>\n<p>\u015eeydayev pe\u015f\u0259kar karyeras\u0131 \u0259rzind\u0259 &quot;Zenit&quot; (Rusiya), &quot;Trabzonspor&quot; (T&uuml;rkiy\u0259), &quot;Jilina&quot; (Slovakiya), &quot;Kr\u0131lya Sovetov&quot; (Rusiya), &quot;Dinamo&quot; (Moskva, Rusiya), &quot;Buriram Yunayted&quot;d\u0259 (Tayland) d\u0259 &ccedil;\u0131x\u0131\u015f edib.<\/p>\n<p>Az\u0259rbaycan &ccedil;empionu cari m&ouml;vs&uuml;m\u0259 6 yeni oyun&ccedil;u il\u0259 ba\u015flay\u0131b.<\/p>\n<p>Bunlar Dani Bolt (&quot;Torreense&quot;, Portuqaliya), Pedro Bikalyo (&quot;Alverka&quot;, Portuqaliya), Kris Kuaku (&quot;Mafra&quot;, Portuqaliya), Sami Mmaee (&quot;Dinamo&quot; Zaqreb &#8211; icar\u0259), Joni Montiel (&quot;Rayo Valyekano&quot;, \u0130spaniya) v\u0259 Kamilo Durand\u0131r (&ldquo;Portimonense&rdquo;, Portuqaliya).<\/p>\n","protected":false},"excerpt":{"rendered":"<p>&quot;Qaraba\u011f&quot; bu g&uuml;n n&ouml;vb\u0259ti transferini r\u0259smil\u0259\u015fdirib. Ucnoqta.az Sportinfo.az-a istinad\u0259n x\u0259b\u0259r verir ki, &quot;Neft&ccedil;i&quot;d\u0259n ayr\u0131lan Ramil \u015eeydayevin yenid\u0259n A\u011fdam klubuna d&ouml;n&uuml;\u015f&uuml; realla\u015f\u0131b. Millinin h&uuml;cum&ccedil;usu &quot;k&ouml;hl\u0259n atlar&quot;la 1+1 illik m&uuml;qavil\u0259 imzalay\u0131b.&nbsp; 29&hellip;<\/p>\n","protected":false},"author":1,"featured_media":251278,"comment_status":"open","ping_status":"open","sticky":false,"template":"","format":"standard","meta":{"_lmt_disableupdate":"","_lmt_disable":"","footnotes":""},"categories":[90],"tags":[],"class_list":["post-230716","post","type-post","status-publish","format-standard","has-post-thumbnail","hentry","category-idman-butun-xeberler"],"_links":{"self":[{"href":"https:\/\/ucnoqta.az\/index.php?rest_route=\/wp\/v2\/posts\/230716","targetHints":{"allow":["GET"]}}],"collection":[{"href":"https:\/\/ucnoqta.az\/index.php?rest_route=\/wp\/v2\/posts"}],"about":[{"href":"https:\/\/ucnoqta.az\/index.php?rest_route=\/wp\/v2\/types\/post"}],"author":[{"embeddable":true,"href":"https:\/\/ucnoqta.az\/index.php?rest_route=\/wp\/v2\/users\/1"}],"replies":[{"embeddable":true,"href":"https:\/\/ucnoqta.az\/index.php?rest_route=%2Fwp%2Fv2%2Fcomments&post=230716"}],"version-history":[{"count":0,"href":"https:\/\/ucnoqta.az\/index.php?rest_route=\/wp\/v2\/posts\/230716\/revisions"}],"wp:featuredmedia":[{"embeddable":true,"href":"https:\/\/ucnoqta.az\/index.php?rest_route=\/wp\/v2\/media\/251278"}],"wp:attachment":[{"href":"https:\/\/ucnoqta.az\/index.php?rest_route=%2Fwp%2Fv2%2Fmedia&parent=230716"}],"wp:term":[{"taxonomy":"category","embeddable":true,"href":"https:\/\/ucnoqta.az\/index.php?rest_route=%2Fwp%2Fv2%2Fcategories&post=230716"},{"taxonomy":"post_tag","embeddable":true,"href":"https:\/\/ucnoqta.az\/index.php?rest_route=%2Fwp%2Fv2%2Ftags&post=230716"}],"curies":[{"name":"wp","href":"https:\/\/api.w.org\/{rel}","templated":true}]}}