{"id":230712,"date":"2025-09-18T17:58:34","date_gmt":"2025-09-18T13:58:34","guid":{"rendered":""},"modified":"-0001-11-30T00:00:00","modified_gmt":"-0001-11-29T20:00:00","slug":"","status":"publish","type":"post","link":"https:\/\/ucnoqta.az\/?p=230712","title":{"rendered":"MED\u0130A-n\u0131n M\u00fc\u015fahid\u0259 \u015euras\u0131n\u0131n n\u00f6vb\u0259ti iclas\u0131 ke\u00e7irilib"},"content":{"rendered":"<p>Median\u0131n \u0130nki\u015faf\u0131 Agentliyinin M&uuml;\u015fahid\u0259 \u015euras\u0131n\u0131n n&ouml;vb\u0259ti iclas\u0131 ba\u015f tutub.<\/p>\n<p>Bu bar\u0259d\u0259 MED\u0130A-dan m\u0259lumat verilib.<\/p>\n<p>M&uuml;\u015fahid\u0259 \u015euras\u0131n\u0131n s\u0259dri Da\u011fb\u0259yi \u0130smay\u0131lovun r\u0259hb\u0259rliyi il\u0259 ke&ccedil;iril\u0259n g&ouml;r&uuml;\u015fd\u0259 M&uuml;\u015fahid\u0259 \u015euras\u0131n\u0131n &uuml;zvl\u0259ri v\u0259 Agentliyin \u0130cra&ccedil;\u0131 direktoru i\u015ftirak edib.<\/p>\n<p>G&ouml;r&uuml;\u015fd\u0259 Agentliyin son d&ouml;vrd\u0259 h\u0259yata ke&ccedil;irdiyi f\u0259aliyy\u0259tl\u0259r, qlobal \u0259m\u0259kda\u015fl\u0131q istiqam\u0259tind\u0259 at\u0131lan add\u0131mlar v\u0259 t\u0259\u015fkil edil\u0259n beyn\u0259lxalq t\u0259dbirl\u0259rin \u0259h\u0259miyy\u0259ti m&uuml;zakir\u0259 olunub. Eyni zamanda, yax\u0131n m&uuml;dd\u0259td\u0259 realla\u015fd\u0131r\u0131lmas\u0131 n\u0259z\u0259rd\u0259 tutulan m&uuml;h&uuml;m beyn\u0259lxalq layih\u0259l\u0259rin t\u0259\u015fkilin\u0259 dair fikir m&uuml;badil\u0259si apar\u0131l\u0131b.<\/p>\n<p>M&uuml;zakir\u0259l\u0259r zaman\u0131 r\u0259q\u0259msal transformasiya d&ouml;vr&uuml;nd\u0259 median\u0131n yeni reall\u0131qlar\u0131, informasiya m&uuml;hitind\u0259 yaranan &ccedil;a\u011f\u0131r\u0131\u015flar v\u0259 bu \u015f\u0259raitd\u0259 davaml\u0131 inki\u015faf\u0131n t\u0259min olunmas\u0131 yollar\u0131 diqq\u0259t m\u0259rk\u0259zind\u0259 olub. \u015eura &uuml;zvl\u0259ri media sektorunda m&uuml;asir yana\u015fmalar\u0131n t\u0259tbiqi, innovativ imkanlar\u0131n d\u0259y\u0259rl\u0259ndirilm\u0259si v\u0259 beyn\u0259lxalq t\u0259cr&uuml;b\u0259d\u0259n faydalanma\u011f\u0131n vacibliyini vur\u011fulay\u0131b.<\/p>\n<p>\u0130clasda h\u0259m&ccedil;inin Agentliyin g\u0259l\u0259c\u0259k f\u0259aliyy\u0259t istiqam\u0259tl\u0259ri, t\u0259r\u0259fda\u015fl\u0131q \u0259laq\u0259l\u0259rinin geni\u015fl\u0259ndirilm\u0259si v\u0259 qlobal informasiya m&uuml;hitind\u0259 Az\u0259rbaycan\u0131n m&ouml;vqeyinin m&ouml;hk\u0259ml\u0259ndirilm\u0259sin\u0259 dair fikir m&uuml;badil\u0259si apar\u0131l\u0131b.<\/p>\n","protected":false},"excerpt":{"rendered":"<p>Median\u0131n \u0130nki\u015faf\u0131 Agentliyinin M&uuml;\u015fahid\u0259 \u015euras\u0131n\u0131n n&ouml;vb\u0259ti iclas\u0131 ba\u015f tutub. Bu bar\u0259d\u0259 MED\u0130A-dan m\u0259lumat verilib. M&uuml;\u015fahid\u0259 \u015euras\u0131n\u0131n s\u0259dri Da\u011fb\u0259yi \u0130smay\u0131lovun r\u0259hb\u0259rliyi il\u0259 ke&ccedil;iril\u0259n g&ouml;r&uuml;\u015fd\u0259 M&uuml;\u015fahid\u0259 \u015euras\u0131n\u0131n &uuml;zvl\u0259ri v\u0259 Agentliyin \u0130cra&ccedil;\u0131 direktoru&hellip;<\/p>\n","protected":false},"author":1,"featured_media":251278,"comment_status":"open","ping_status":"open","sticky":false,"template":"","format":"standard","meta":{"_lmt_disableupdate":"","_lmt_disable":"","footnotes":""},"categories":[96],"tags":[],"class_list":["post-230712","post","type-post","status-publish","format-standard","has-post-thumbnail","hentry","category-media-butun-xeberler"],"_links":{"self":[{"href":"https:\/\/ucnoqta.az\/index.php?rest_route=\/wp\/v2\/posts\/230712","targetHints":{"allow":["GET"]}}],"collection":[{"href":"https:\/\/ucnoqta.az\/index.php?rest_route=\/wp\/v2\/posts"}],"about":[{"href":"https:\/\/ucnoqta.az\/index.php?rest_route=\/wp\/v2\/types\/post"}],"author":[{"embeddable":true,"href":"https:\/\/ucnoqta.az\/index.php?rest_route=\/wp\/v2\/users\/1"}],"replies":[{"embeddable":true,"href":"https:\/\/ucnoqta.az\/index.php?rest_route=%2Fwp%2Fv2%2Fcomments&post=230712"}],"version-history":[{"count":0,"href":"https:\/\/ucnoqta.az\/index.php?rest_route=\/wp\/v2\/posts\/230712\/revisions"}],"wp:featuredmedia":[{"embeddable":true,"href":"https:\/\/ucnoqta.az\/index.php?rest_route=\/wp\/v2\/media\/251278"}],"wp:attachment":[{"href":"https:\/\/ucnoqta.az\/index.php?rest_route=%2Fwp%2Fv2%2Fmedia&parent=230712"}],"wp:term":[{"taxonomy":"category","embeddable":true,"href":"https:\/\/ucnoqta.az\/index.php?rest_route=%2Fwp%2Fv2%2Fcategories&post=230712"},{"taxonomy":"post_tag","embeddable":true,"href":"https:\/\/ucnoqta.az\/index.php?rest_route=%2Fwp%2Fv2%2Ftags&post=230712"}],"curies":[{"name":"wp","href":"https:\/\/api.w.org\/{rel}","templated":true}]}}