{"id":230710,"date":"2025-09-18T17:21:07","date_gmt":"2025-09-18T13:21:07","guid":{"rendered":""},"modified":"-0001-11-30T00:00:00","modified_gmt":"-0001-11-29T20:00:00","slug":"","status":"publish","type":"post","link":"https:\/\/ucnoqta.az\/?p=230710","title":{"rendered":"Astarada 71 ya\u015fl\u0131 qad\u0131n q\u0259tl\u0259 yetirilib"},"content":{"rendered":"<p>Astarada intihar edildiyi deyil\u0259n qad\u0131n\u0131n q\u0259tl\u0259 yetirildiyi m\u0259lum olub.<\/p>\n<p>Ucnoqta.az x\u0259b\u0259r verir ki, sentyabr\u0131n 7-d\u0259 Astara rayonunun Miki k\u0259nd sakini 1954-c&uuml; il t\u0259v\u0259ll&uuml;dl&uuml; \u015eahim\u0259 Zeynulla q\u0131z\u0131 Salayevan\u0131n meyiti ya\u015fad\u0131\u011f\u0131 &uuml;nvanda tap\u0131l\u0131b.<\/p>\n<p>\u0130lkin m\u0259lumata g&ouml;r\u0259, \u015e.Salayevan\u0131n meyiti d&ouml;\u015f\u0259m\u0259d\u0259 oturmu\u015f halda, ba\u015f &ouml;rp\u0259yi bo\u011faz\u0131nda &ccedil;arpay\u0131ya ba\u011flanan v\u0259ziyy\u0259td\u0259 a\u015fkarlan\u0131b. H\u0259min vaxt qad\u0131n\u0131n intihar etdiyi bildirilib. Meyit m&uuml;ayin\u0259 olunmas\u0131 &uuml;&ccedil;&uuml;n M\u0259hk\u0259m\u0259 Tibbi Ekspertiza v\u0259 Patoloji Anatomiya Birliyinin L\u0259nk\u0259ran rayonlararas\u0131 zona m\u0259rk\u0259zin\u0259 t\u0259hvil verilib. Ekspertizan\u0131n verdiyi r\u0259yd\u0259n sonra \u015e.Salayevan\u0131n q\u0259tl\u0259 yetirildiyi m\u0259lum olub.<\/p>\n<p>Ara\u015fd\u0131rma zaman\u0131 o da m\u0259lum olub ki, qad\u0131na m\u0259xsus sand\u0131q evd\u0259n o\u011furlan\u0131b. Axtar\u0131\u015flardan sonra sand\u0131q me\u015f\u0259lik \u0259razisind\u0259n tap\u0131l\u0131b. Q\u0259tli t&ouml;r\u0259tm\u0259kd\u0259 \u015f&uuml;bh\u0259li bilin\u0259n \u015e.Salayevan\u0131n qon\u015fusu (qad\u0131n) saxlan\u0131l\u0131b.<\/p>\n<p>Faktla ba\u011fl\u0131 rayon prokurorlu\u011funda ara\u015fd\u0131rma apar\u0131l\u0131r.<\/p>\n","protected":false},"excerpt":{"rendered":"<p>Astarada intihar edildiyi deyil\u0259n qad\u0131n\u0131n q\u0259tl\u0259 yetirildiyi m\u0259lum olub. Ucnoqta.az x\u0259b\u0259r verir ki, sentyabr\u0131n 7-d\u0259 Astara rayonunun Miki k\u0259nd sakini 1954-c&uuml; il t\u0259v\u0259ll&uuml;dl&uuml; \u015eahim\u0259 Zeynulla q\u0131z\u0131 Salayevan\u0131n meyiti ya\u015fad\u0131\u011f\u0131 &uuml;nvanda&hellip;<\/p>\n","protected":false},"author":1,"featured_media":251278,"comment_status":"open","ping_status":"open","sticky":false,"template":"","format":"standard","meta":{"_lmt_disableupdate":"","_lmt_disable":"","footnotes":""},"categories":[],"tags":[],"class_list":["post-230710","post","type-post","status-publish","format-standard","has-post-thumbnail","hentry"],"_links":{"self":[{"href":"https:\/\/ucnoqta.az\/index.php?rest_route=\/wp\/v2\/posts\/230710","targetHints":{"allow":["GET"]}}],"collection":[{"href":"https:\/\/ucnoqta.az\/index.php?rest_route=\/wp\/v2\/posts"}],"about":[{"href":"https:\/\/ucnoqta.az\/index.php?rest_route=\/wp\/v2\/types\/post"}],"author":[{"embeddable":true,"href":"https:\/\/ucnoqta.az\/index.php?rest_route=\/wp\/v2\/users\/1"}],"replies":[{"embeddable":true,"href":"https:\/\/ucnoqta.az\/index.php?rest_route=%2Fwp%2Fv2%2Fcomments&post=230710"}],"version-history":[{"count":0,"href":"https:\/\/ucnoqta.az\/index.php?rest_route=\/wp\/v2\/posts\/230710\/revisions"}],"wp:featuredmedia":[{"embeddable":true,"href":"https:\/\/ucnoqta.az\/index.php?rest_route=\/wp\/v2\/media\/251278"}],"wp:attachment":[{"href":"https:\/\/ucnoqta.az\/index.php?rest_route=%2Fwp%2Fv2%2Fmedia&parent=230710"}],"wp:term":[{"taxonomy":"category","embeddable":true,"href":"https:\/\/ucnoqta.az\/index.php?rest_route=%2Fwp%2Fv2%2Fcategories&post=230710"},{"taxonomy":"post_tag","embeddable":true,"href":"https:\/\/ucnoqta.az\/index.php?rest_route=%2Fwp%2Fv2%2Ftags&post=230710"}],"curies":[{"name":"wp","href":"https:\/\/api.w.org\/{rel}","templated":true}]}}