{"id":230709,"date":"2025-09-18T16:37:29","date_gmt":"2025-09-18T12:37:29","guid":{"rendered":""},"modified":"-0001-11-30T00:00:00","modified_gmt":"-0001-11-29T20:00:00","slug":"","status":"publish","type":"post","link":"https:\/\/ucnoqta.az\/?p=230709","title":{"rendered":"Ya\u011f\u0131nt\u0131l\u0131 hava \u015f\u0259raiti n\u0259 vaxta q\u0259d\u0259r davam ed\u0259c\u0259k?"},"content":{"rendered":"<p>&quot;Bak\u0131da v\u0259 Ab\u015feron yar\u0131madas\u0131nda bu g&uuml;n hava \u015f\u0259raitinin d\u0259yi\u015fk\u0259n buludlu, \u0259sas\u0259n ya\u011fmursuz ke&ccedil;\u0259c\u0259yi proqnozla\u015fd\u0131r\u0131l\u0131r. M&uuml;layim \u015fimal-\u015f\u0259rq k&uuml;l\u0259yi \u0259s\u0259c\u0259k. Havan\u0131n maksimal temperaturu 20-23 d\u0259r\u0259c\u0259 isti t\u0259\u015fkil ed\u0259c\u0259k&quot;.<\/p>\n<p>Ucnoqta.az x\u0259b\u0259r verir ki, bu bar\u0259d\u0259 musavat.com-a Milli Hidrometeorologiya Xidm\u0259tinin Proqnozlar B&uuml;rosunun direktoru G&uuml;l\u015fad M\u0259mm\u0259dova m\u0259lumat verib.<\/p>\n<p>G.M\u0259mm\u0259dova &ouml;lk\u0259 \u0259razisind\u0259 m&uuml;\u015fahid\u0259 olunan ya\u011f\u0131nt\u0131l\u0131 hava \u015f\u0259raitinin sentyabr\u0131n 21-i g&uuml;nd&uuml;z\u0259d\u0259k davam ed\u0259c\u0259yini bildirib:<\/p>\n<p>&quot;B\u0259zi yerl\u0259rd\u0259 fasil\u0259l\u0259rl\u0259 ya\u011f\u0131\u015f ya\u011facaq, \u015fim\u015f\u0259k &ccedil;axacaq. Ayr\u0131-ayr\u0131 yerl\u0259rd\u0259 ya\u011f\u0131nt\u0131n\u0131n leysan xarakterli intensiv olaca\u011f\u0131, dolu d&uuml;\u015f\u0259c\u0259yi, y&uuml;ks\u0259k da\u011fl\u0131q \u0259razil\u0259rd\u0259 is\u0259 qara ke&ccedil;\u0259c\u0259yi ehtimal olunur. G&ouml;zl\u0259nil\u0259n ya\u011f\u0131nt\u0131l\u0131 hava \u015f\u0259raiti il\u0259 \u0259laq\u0259dar &ccedil;aylarda sululu\u011fun artaca\u011f\u0131, b\u0259zi da\u011f &ccedil;aylar\u0131ndan is\u0259 q\u0131sam&uuml;dd\u0259tli sel ke&ccedil;\u0259c\u0259yi ehtimal\u0131 var&quot;.<\/p>\n","protected":false},"excerpt":{"rendered":"<p>&quot;Bak\u0131da v\u0259 Ab\u015feron yar\u0131madas\u0131nda bu g&uuml;n hava \u015f\u0259raitinin d\u0259yi\u015fk\u0259n buludlu, \u0259sas\u0259n ya\u011fmursuz ke&ccedil;\u0259c\u0259yi proqnozla\u015fd\u0131r\u0131l\u0131r. M&uuml;layim \u015fimal-\u015f\u0259rq k&uuml;l\u0259yi \u0259s\u0259c\u0259k. Havan\u0131n maksimal temperaturu 20-23 d\u0259r\u0259c\u0259 isti t\u0259\u015fkil ed\u0259c\u0259k&quot;. Ucnoqta.az x\u0259b\u0259r verir ki,&hellip;<\/p>\n","protected":false},"author":1,"featured_media":251278,"comment_status":"open","ping_status":"open","sticky":false,"template":"","format":"standard","meta":{"_lmt_disableupdate":"","_lmt_disable":"","footnotes":""},"categories":[],"tags":[],"class_list":["post-230709","post","type-post","status-publish","format-standard","has-post-thumbnail","hentry"],"_links":{"self":[{"href":"https:\/\/ucnoqta.az\/index.php?rest_route=\/wp\/v2\/posts\/230709","targetHints":{"allow":["GET"]}}],"collection":[{"href":"https:\/\/ucnoqta.az\/index.php?rest_route=\/wp\/v2\/posts"}],"about":[{"href":"https:\/\/ucnoqta.az\/index.php?rest_route=\/wp\/v2\/types\/post"}],"author":[{"embeddable":true,"href":"https:\/\/ucnoqta.az\/index.php?rest_route=\/wp\/v2\/users\/1"}],"replies":[{"embeddable":true,"href":"https:\/\/ucnoqta.az\/index.php?rest_route=%2Fwp%2Fv2%2Fcomments&post=230709"}],"version-history":[{"count":0,"href":"https:\/\/ucnoqta.az\/index.php?rest_route=\/wp\/v2\/posts\/230709\/revisions"}],"wp:featuredmedia":[{"embeddable":true,"href":"https:\/\/ucnoqta.az\/index.php?rest_route=\/wp\/v2\/media\/251278"}],"wp:attachment":[{"href":"https:\/\/ucnoqta.az\/index.php?rest_route=%2Fwp%2Fv2%2Fmedia&parent=230709"}],"wp:term":[{"taxonomy":"category","embeddable":true,"href":"https:\/\/ucnoqta.az\/index.php?rest_route=%2Fwp%2Fv2%2Fcategories&post=230709"},{"taxonomy":"post_tag","embeddable":true,"href":"https:\/\/ucnoqta.az\/index.php?rest_route=%2Fwp%2Fv2%2Ftags&post=230709"}],"curies":[{"name":"wp","href":"https:\/\/api.w.org\/{rel}","templated":true}]}}