{"id":230701,"date":"2025-09-18T12:54:48","date_gmt":"2025-09-18T08:54:48","guid":{"rendered":""},"modified":"-0001-11-30T00:00:00","modified_gmt":"-0001-11-29T20:00:00","slug":"","status":"publish","type":"post","link":"https:\/\/ucnoqta.az\/?p=230701","title":{"rendered":"\u0130lham \u018fliyev A\u0130-nin Geni\u015fl\u0259nm\u0259 \u00fczr\u0259 komissar\u0131n\u0131 q\u0259bul edib"},"content":{"rendered":"<p>Az\u0259rbaycan Respublikas\u0131n\u0131n Prezidenti \u0130lham \u018fliyev sentyabr\u0131n 18-d\u0259 Avropa \u0130ttifaq\u0131n\u0131n Geni\u015fl\u0259nm\u0259 &uuml;zr\u0259 komissar\u0131 Marta Kosu q\u0259bul edib.<\/p>\n<p>Ucnoqta.az x\u0259b\u0259r verir ki, Marta Kos Erm\u0259nistanla Az\u0259rbaycan aras\u0131nda m&uuml;nasib\u0259tl\u0259rin normalla\u015fmas\u0131 v\u0259 s&uuml;lh g&uuml;nd\u0259liyinin ir\u0259lil\u0259dilm\u0259si istiqam\u0259tind\u0259 \u0259ld\u0259 edilmi\u015f nailiyy\u0259tl\u0259r m&uuml;nasib\u0259til\u0259 d&ouml;vl\u0259timizin ba\u015f&ccedil;\u0131s\u0131na t\u0259brikl\u0259rini &ccedil;atd\u0131rd\u0131. Qonaq dedi ki, Avropa \u0130ttifaq\u0131 regionda davaml\u0131 s&uuml;lh&uuml;n t\u0259min olunmas\u0131na y&ouml;n\u0259lmi\u015f s\u0259yl\u0259r\u0259 v\u0259 Az\u0259rbaycan\u0131n humanitar minat\u0259mizl\u0259m\u0259 sah\u0259sind\u0259ki f\u0259aliyy\u0259tin\u0259 d\u0259st\u0259yini bundan sonra da davam etdir\u0259c\u0259k.<\/p>\n<p>Komissar Marta Kos Avropa \u0130ttifaq\u0131 il\u0259 Az\u0259rbaycan aras\u0131nda enerji sah\u0259sind\u0259 u\u011furlu \u0259m\u0259kda\u015fl\u0131\u011f\u0131n quruldu\u011funu dey\u0259r\u0259k, h\u0259m&ccedil;inin n\u0259qliyyat sah\u0259sind\u0259 \u0259m\u0259kda\u015fl\u0131\u011f\u0131n daha da inki\u015faf etdirilm\u0259si &uuml;&ccedil;&uuml;n b&ouml;y&uuml;k perspektivl\u0259rin oldu\u011funu vur\u011fulad\u0131.<\/p>\n<p>Prezident \u0130lham \u018fliyev bu ilin may\u0131nda Tiranada Avropa \u0130ttifaq\u0131 \u015euras\u0131n\u0131n Prezidenti Antonio Ko\u015fta v\u0259 Avropa Komissiyas\u0131n\u0131n Prezidenti Ursula Fon der Lyayen il\u0259 g&ouml;r&uuml;\u015f&uuml;n&uuml; m\u0259mnunluqla xat\u0131rlad\u0131.<\/p>\n<p>D&ouml;vl\u0259timizin ba\u015f&ccedil;\u0131s\u0131 t\u0259brikl\u0259r\u0259 g&ouml;r\u0259 t\u0259\u015f\u0259kk&uuml;r&uuml;n&uuml; bildir\u0259r\u0259k, Az\u0259rbaycan\u0131n regionda s&uuml;lh g&uuml;nd\u0259liyinin ir\u0259li apar\u0131lmas\u0131 &uuml;&ccedil;&uuml;n s\u0259yl\u0259rini bundan sonra da davam etdir\u0259c\u0259yini vur\u011fulad\u0131. Regionda n\u0259qliyyat ba\u011flant\u0131lar\u0131n\u0131n yarad\u0131lmas\u0131 &uuml;&ccedil;&uuml;n yax\u015f\u0131 imkanlar\u0131n oldu\u011funu dey\u0259n Prezident \u0130lham \u018fliyev i\u015f\u011faldan azad edilmi\u015f \u0259razil\u0259rimizd\u0259 yol-n\u0259qliyyat infrastrukturunun qurulmas\u0131 il\u0259 ba\u011fl\u0131 Az\u0259rbaycan\u0131n intensiv i\u015fl\u0259r g&ouml;rd&uuml;y&uuml;n&uuml; qeyd etdi. Bu x&uuml;susda Z\u0259ngilana ged\u0259n avtomobil v\u0259 d\u0259mir yolu x\u0259tl\u0259rinin \u0259h\u0259miyy\u0259tini vur\u011fulad\u0131.<\/p>\n<p>&Ouml;lk\u0259mizin Avropan\u0131n enerji t\u0259hl&uuml;k\u0259sizliyin\u0259 verdiyi t&ouml;hf\u0259y\u0259 toxunan d&ouml;vl\u0259timizin ba\u015f&ccedil;\u0131s\u0131 Az\u0259rbaycan qaz\u0131n\u0131n haz\u0131rda Avropan\u0131n 10 &ouml;lk\u0259sin\u0259, o c&uuml;ml\u0259d\u0259n Avropa \u0130ttifaq\u0131na &uuml;zv 8 d&ouml;vl\u0259t\u0259 ixrac olundu\u011fu dedi v\u0259 ixrac co\u011frafiyas\u0131n\u0131n geni\u015fl\u0259ndiyini qeyd etdi.<\/p>\n<p>G&ouml;r&uuml;\u015fd\u0259 Orta D\u0259hliz il\u0259 M\u0259rk\u0259zi Asiyadan Az\u0259rbaycana g\u0259l\u0259n y&uuml;kl\u0259rin h\u0259cmind\u0259 \u0259sasl\u0131 d\u0259r\u0259c\u0259d\u0259 art\u0131m\u0131n m&uuml;\u015fahid\u0259 olundu\u011fu bildirildi v\u0259 qar\u015f\u0131l\u0131ql\u0131 maraq do\u011furan m\u0259s\u0259l\u0259l\u0259r \u0259traf\u0131nda fikir m&uuml;badil\u0259si apar\u0131ld\u0131.<\/p>\n","protected":false},"excerpt":{"rendered":"<p>Az\u0259rbaycan Respublikas\u0131n\u0131n Prezidenti \u0130lham \u018fliyev sentyabr\u0131n 18-d\u0259 Avropa \u0130ttifaq\u0131n\u0131n Geni\u015fl\u0259nm\u0259 &uuml;zr\u0259 komissar\u0131 Marta Kosu q\u0259bul edib. Ucnoqta.az x\u0259b\u0259r verir ki, Marta Kos Erm\u0259nistanla Az\u0259rbaycan aras\u0131nda m&uuml;nasib\u0259tl\u0259rin normalla\u015fmas\u0131 v\u0259 s&uuml;lh g&uuml;nd\u0259liyinin&hellip;<\/p>\n","protected":false},"author":1,"featured_media":251278,"comment_status":"open","ping_status":"open","sticky":false,"template":"","format":"standard","meta":{"_lmt_disableupdate":"","_lmt_disable":"","footnotes":""},"categories":[86],"tags":[],"class_list":["post-230701","post","type-post","status-publish","format-standard","has-post-thumbnail","hentry","category-siyaset"],"_links":{"self":[{"href":"https:\/\/ucnoqta.az\/index.php?rest_route=\/wp\/v2\/posts\/230701","targetHints":{"allow":["GET"]}}],"collection":[{"href":"https:\/\/ucnoqta.az\/index.php?rest_route=\/wp\/v2\/posts"}],"about":[{"href":"https:\/\/ucnoqta.az\/index.php?rest_route=\/wp\/v2\/types\/post"}],"author":[{"embeddable":true,"href":"https:\/\/ucnoqta.az\/index.php?rest_route=\/wp\/v2\/users\/1"}],"replies":[{"embeddable":true,"href":"https:\/\/ucnoqta.az\/index.php?rest_route=%2Fwp%2Fv2%2Fcomments&post=230701"}],"version-history":[{"count":0,"href":"https:\/\/ucnoqta.az\/index.php?rest_route=\/wp\/v2\/posts\/230701\/revisions"}],"wp:featuredmedia":[{"embeddable":true,"href":"https:\/\/ucnoqta.az\/index.php?rest_route=\/wp\/v2\/media\/251278"}],"wp:attachment":[{"href":"https:\/\/ucnoqta.az\/index.php?rest_route=%2Fwp%2Fv2%2Fmedia&parent=230701"}],"wp:term":[{"taxonomy":"category","embeddable":true,"href":"https:\/\/ucnoqta.az\/index.php?rest_route=%2Fwp%2Fv2%2Fcategories&post=230701"},{"taxonomy":"post_tag","embeddable":true,"href":"https:\/\/ucnoqta.az\/index.php?rest_route=%2Fwp%2Fv2%2Ftags&post=230701"}],"curies":[{"name":"wp","href":"https:\/\/api.w.org\/{rel}","templated":true}]}}