{"id":230686,"date":"2025-09-18T07:36:48","date_gmt":"2025-09-18T03:36:48","guid":{"rendered":""},"modified":"-0001-11-30T00:00:00","modified_gmt":"-0001-11-29T20:00:00","slug":"","status":"publish","type":"post","link":"https:\/\/ucnoqta.az\/?p=230686","title":{"rendered":"BOK \u0130spaniyan\u0131n \u0130sraill\u0259 ba\u011fl\u0131 t\u0259l\u0259bini r\u0259dd edib"},"content":{"rendered":"<p><strong>\u0130srail Olimpiya Xartiyas\u0131na \u0259m\u0259l edir v\u0259 buna g&ouml;r\u0259 d\u0259 onun idman&ccedil;\u0131lar\u0131 beyn\u0259lxalq yar\u0131\u015flardan k\u0259narla\u015fd\u0131r\u0131lmayacaq.<\/strong><\/p>\n<p>Ucnoqqta.az bildirir ki, &quot;Inside the Games&quot;in EFE x\u0259b\u0259r agentliyin\u0259 istinad\u0259n verdiyi m\u0259lumata g&ouml;r\u0259, bu bar\u0259d\u0259 Beyn\u0259lxalq Olimpiya Komit\u0259sinin (BOK) b\u0259yanat\u0131nda deyilir.<\/p>\n<p>A&ccedil;\u0131qlamada deyilir ki, \u0130srail v\u0259 F\u0259l\u0259stinin Milli Olimpiya Komit\u0259l\u0259ri BOK t\u0259r\u0259find\u0259n tan\u0131n\u0131r v\u0259 b\u0259rab\u0259r h&uuml;quqlara malikdir.<br \/>\nH\u0259r iki komit\u0259 Olimpiya Xartiyas\u0131na \u0259m\u0259l edir.&nbsp;<\/p>\n<p>Xat\u0131rladaq ki, \u0130spaniyan\u0131n ba\u015f naziri Pedro San&ccedil;es Q\u0259zza zola\u011f\u0131ndak\u0131 m&uuml;naqi\u015f\u0259 s\u0259b\u0259bind\u0259n \u0130sraili r\u0259qab\u0259td\u0259n k\u0259narla\u015fd\u0131rma\u011fa &ccedil;a\u011f\u0131r\u0131b.<\/p>\n","protected":false},"excerpt":{"rendered":"<p>\u0130srail Olimpiya Xartiyas\u0131na \u0259m\u0259l edir v\u0259 buna g&ouml;r\u0259 d\u0259 onun idman&ccedil;\u0131lar\u0131 beyn\u0259lxalq yar\u0131\u015flardan k\u0259narla\u015fd\u0131r\u0131lmayacaq. Ucnoqqta.az bildirir ki, &quot;Inside the Games&quot;in EFE x\u0259b\u0259r agentliyin\u0259 istinad\u0259n verdiyi m\u0259lumata g&ouml;r\u0259, bu bar\u0259d\u0259 Beyn\u0259lxalq&hellip;<\/p>\n","protected":false},"author":1,"featured_media":251278,"comment_status":"open","ping_status":"open","sticky":false,"template":"","format":"standard","meta":{"_lmt_disableupdate":"","_lmt_disable":"","footnotes":""},"categories":[89],"tags":[],"class_list":["post-230686","post","type-post","status-publish","format-standard","has-post-thumbnail","hentry","category-dunya-butun-xeberler"],"_links":{"self":[{"href":"https:\/\/ucnoqta.az\/index.php?rest_route=\/wp\/v2\/posts\/230686","targetHints":{"allow":["GET"]}}],"collection":[{"href":"https:\/\/ucnoqta.az\/index.php?rest_route=\/wp\/v2\/posts"}],"about":[{"href":"https:\/\/ucnoqta.az\/index.php?rest_route=\/wp\/v2\/types\/post"}],"author":[{"embeddable":true,"href":"https:\/\/ucnoqta.az\/index.php?rest_route=\/wp\/v2\/users\/1"}],"replies":[{"embeddable":true,"href":"https:\/\/ucnoqta.az\/index.php?rest_route=%2Fwp%2Fv2%2Fcomments&post=230686"}],"version-history":[{"count":0,"href":"https:\/\/ucnoqta.az\/index.php?rest_route=\/wp\/v2\/posts\/230686\/revisions"}],"wp:featuredmedia":[{"embeddable":true,"href":"https:\/\/ucnoqta.az\/index.php?rest_route=\/wp\/v2\/media\/251278"}],"wp:attachment":[{"href":"https:\/\/ucnoqta.az\/index.php?rest_route=%2Fwp%2Fv2%2Fmedia&parent=230686"}],"wp:term":[{"taxonomy":"category","embeddable":true,"href":"https:\/\/ucnoqta.az\/index.php?rest_route=%2Fwp%2Fv2%2Fcategories&post=230686"},{"taxonomy":"post_tag","embeddable":true,"href":"https:\/\/ucnoqta.az\/index.php?rest_route=%2Fwp%2Fv2%2Ftags&post=230686"}],"curies":[{"name":"wp","href":"https:\/\/api.w.org\/{rel}","templated":true}]}}