{"id":230667,"date":"2025-09-17T19:42:06","date_gmt":"2025-09-17T15:42:06","guid":{"rendered":""},"modified":"-0001-11-30T00:00:00","modified_gmt":"-0001-11-29T20:00:00","slug":"","status":"publish","type":"post","link":"https:\/\/ucnoqta.az\/?p=230667","title":{"rendered":"Avropa Komissiyas\u0131 maliyy\u0259 d\u0259st\u0259yini dayand\u0131r\u0131b"},"content":{"rendered":"<p><strong>Avropa Komissiyas\u0131 (AK) Q\u0259zza zola\u011f\u0131nda ke&ccedil;irdiyi h\u0259rbi \u0259m\u0259liyyatla \u0259laq\u0259dar \u0130srail\u0259 maliyy\u0259 d\u0259st\u0259yini dayand\u0131r\u0131r.<\/strong><\/p>\n<p>Unoqta.az x\u0259b\u0259r verir ki, bu bar\u0259d\u0259 AK prezidenti Ursula fon der Lyayen m\u0259lumat verib.<\/p>\n<p>Avropa \u0130ttifaq\u0131 humanitar yard\u0131m\u0131n \u0259n b&ouml;y&uuml;k donoru v\u0259 iki d&ouml;vl\u0259tli h\u0259llin sadiq t\u0259r\u0259fdar\u0131 olaraq qal\u0131r. Bu prinsipl\u0259r\u0259 uy\u011fun olaraq v\u0259 \u0130ordan &ccedil;ay\u0131n\u0131n q\u0259rb sahilind\u0259 ba\u015f ver\u0259n ciddi hadis\u0259l\u0259ri n\u0259z\u0259r\u0259 alaraq, v\u0259t\u0259nda\u015f c\u0259miyy\u0259ti v\u0259 Yad Va\u015fem Holokost abid\u0259si il\u0259 \u0259m\u0259kda\u015fl\u0131\u011fa t\u0259sir etm\u0259d\u0259n \u0130srail\u0259 ikit\u0259r\u0259fli d\u0259st\u0259yin dayand\u0131r\u0131lmas\u0131n\u0131 t\u0259klif edirik&rdquo;, &#8211; Komissiyan\u0131n b\u0259yanat\u0131nda deyilir.<\/p>\n<p>Avropa Komissiyas\u0131 qeyd edir ki, q\u0259rar 2025-2027-ci ill\u0259r &uuml;&ccedil;&uuml;n g\u0259l\u0259c\u0259k ay\u0131rmalara, el\u0259c\u0259 d\u0259 \u0130sraill\u0259 davam ed\u0259n institusional \u0259laq\u0259 layih\u0259l\u0259rin\u0259 v\u0259 A\u0130-\u0130srail Regional \u018fm\u0259kda\u015fl\u0131q Mexanizmi &ccedil;\u0259r&ccedil;iv\u0259sind\u0259 t\u0259\u015f\u0259bb&uuml;sl\u0259r\u0259 \u015famil edilir.<\/p>\n<p>Bildirilir ki, t\u0259dbirl\u0259r humanitar proqramlara t\u0259sir etmir.<\/p>\n","protected":false},"excerpt":{"rendered":"<p>Avropa Komissiyas\u0131 (AK) Q\u0259zza zola\u011f\u0131nda ke&ccedil;irdiyi h\u0259rbi \u0259m\u0259liyyatla \u0259laq\u0259dar \u0130srail\u0259 maliyy\u0259 d\u0259st\u0259yini dayand\u0131r\u0131r. Unoqta.az x\u0259b\u0259r verir ki, bu bar\u0259d\u0259 AK prezidenti Ursula fon der Lyayen m\u0259lumat verib. Avropa \u0130ttifaq\u0131 humanitar&hellip;<\/p>\n","protected":false},"author":1,"featured_media":251278,"comment_status":"open","ping_status":"open","sticky":false,"template":"","format":"standard","meta":{"_lmt_disableupdate":"","_lmt_disable":"","footnotes":""},"categories":[89],"tags":[],"class_list":["post-230667","post","type-post","status-publish","format-standard","has-post-thumbnail","hentry","category-dunya-butun-xeberler"],"_links":{"self":[{"href":"https:\/\/ucnoqta.az\/index.php?rest_route=\/wp\/v2\/posts\/230667","targetHints":{"allow":["GET"]}}],"collection":[{"href":"https:\/\/ucnoqta.az\/index.php?rest_route=\/wp\/v2\/posts"}],"about":[{"href":"https:\/\/ucnoqta.az\/index.php?rest_route=\/wp\/v2\/types\/post"}],"author":[{"embeddable":true,"href":"https:\/\/ucnoqta.az\/index.php?rest_route=\/wp\/v2\/users\/1"}],"replies":[{"embeddable":true,"href":"https:\/\/ucnoqta.az\/index.php?rest_route=%2Fwp%2Fv2%2Fcomments&post=230667"}],"version-history":[{"count":0,"href":"https:\/\/ucnoqta.az\/index.php?rest_route=\/wp\/v2\/posts\/230667\/revisions"}],"wp:featuredmedia":[{"embeddable":true,"href":"https:\/\/ucnoqta.az\/index.php?rest_route=\/wp\/v2\/media\/251278"}],"wp:attachment":[{"href":"https:\/\/ucnoqta.az\/index.php?rest_route=%2Fwp%2Fv2%2Fmedia&parent=230667"}],"wp:term":[{"taxonomy":"category","embeddable":true,"href":"https:\/\/ucnoqta.az\/index.php?rest_route=%2Fwp%2Fv2%2Fcategories&post=230667"},{"taxonomy":"post_tag","embeddable":true,"href":"https:\/\/ucnoqta.az\/index.php?rest_route=%2Fwp%2Fv2%2Ftags&post=230667"}],"curies":[{"name":"wp","href":"https:\/\/api.w.org\/{rel}","templated":true}]}}