{"id":230666,"date":"2025-09-17T19:40:23","date_gmt":"2025-09-17T15:40:23","guid":{"rendered":""},"modified":"-0001-11-30T00:00:00","modified_gmt":"-0001-11-29T20:00:00","slug":"","status":"publish","type":"post","link":"https:\/\/ucnoqta.az\/?p=230666","title":{"rendered":"Qubada insan s\u00fcm\u00fckl\u0259ri tap\u0131ld\u0131"},"content":{"rendered":"<p><strong>Quba rayonunun Rustov k\u0259ndind\u0259 insan s&uuml;m&uuml;kl\u0259ri a\u015fkarlan\u0131b.<\/strong><\/p>\n<p>Ucnoqta.az &quot;Report&quot;a istinad\u0259n x\u0259b\u0259r verir ki, son g&uuml;nl\u0259r m&uuml;\u015fahid\u0259 olunan g&uuml;cl&uuml; ya\u011f\u0131\u015f n\u0259tic\u0259sind\u0259 Rustov k\u0259ndind\u0259 ki&ccedil;ik torpaq s&uuml;r&uuml;\u015fm\u0259si ba\u015f verib.<\/p>\n<p>N\u0259tic\u0259d\u0259, k\u0259nd m\u0259scidind\u0259n bir q\u0259d\u0259r aral\u0131da yolun k\u0259nar\u0131nda insana m\u0259xsus k\u0259ll\u0259 v\u0259 &ccedil;anaq s&uuml;m&uuml;kl\u0259ri &uuml;z\u0259 &ccedil;\u0131x\u0131b.<\/p>\n<p>Faktla ba\u011fl\u0131 ara\u015fd\u0131rma apar\u0131l\u0131r.<\/p>\n<p>Xat\u0131rladaq ki, 2007-ci ild\u0259 Quba \u015f\u0259h\u0259r stadionunda tikinti m\u0259qs\u0259dil\u0259 apar\u0131lan qaz\u0131nt\u0131lar zaman\u0131 t\u0259sad&uuml;f\u0259n k&uuml;tl\u0259vi m\u0259zarl\u0131q a\u015fkar edilib. Milli Elml\u0259r Akademiyas\u0131n\u0131n Arxeologiya v\u0259 Etnoqrafiya \u0130nstitutunun m&uuml;t\u0259x\u0259ssisl\u0259ri t\u0259r\u0259find\u0259n apar\u0131lan t\u0259dqiqat n\u0259tic\u0259sind\u0259 m\u0259lum olub ki, buradak\u0131 insan s&uuml;m&uuml;kl\u0259ri 1918-ci ild\u0259 erm\u0259nil\u0259r t\u0259r\u0259find\u0259n q\u0259tl\u0259 yetiril\u0259n yerli sakinl\u0259r\u0259 m\u0259xsusdur. Bu h\u0259qiq\u0259tl\u0259rin d&uuml;nya ictimaiyy\u0259tin\u0259 &ccedil;atd\u0131r\u0131lmas\u0131, Az\u0259rbaycan xalq\u0131n\u0131n g\u0259l\u0259c\u0259k n\u0259sill\u0259rinin milli yadda\u015f\u0131n\u0131n qorunmas\u0131 v\u0259 soyq\u0131r\u0131m\u0131 qurbanlar\u0131n\u0131n xatir\u0259sinin \u0259b\u0259dil\u0259\u015fdirilm\u0259si m\u0259qs\u0259dil\u0259 2013-c&uuml; ild\u0259 Quba \u015f\u0259h\u0259rind\u0259 &quot;Soyq\u0131r\u0131m\u0131 Memorial Kompleksi&quot; yarad\u0131l\u0131b.<\/p>\n","protected":false},"excerpt":{"rendered":"<p>Quba rayonunun Rustov k\u0259ndind\u0259 insan s&uuml;m&uuml;kl\u0259ri a\u015fkarlan\u0131b. Ucnoqta.az &quot;Report&quot;a istinad\u0259n x\u0259b\u0259r verir ki, son g&uuml;nl\u0259r m&uuml;\u015fahid\u0259 olunan g&uuml;cl&uuml; ya\u011f\u0131\u015f n\u0259tic\u0259sind\u0259 Rustov k\u0259ndind\u0259 ki&ccedil;ik torpaq s&uuml;r&uuml;\u015fm\u0259si ba\u015f verib. N\u0259tic\u0259d\u0259, k\u0259nd m\u0259scidind\u0259n&hellip;<\/p>\n","protected":false},"author":1,"featured_media":251278,"comment_status":"open","ping_status":"open","sticky":false,"template":"","format":"standard","meta":{"_lmt_disableupdate":"","_lmt_disable":"","footnotes":""},"categories":[91],"tags":[],"class_list":["post-230666","post","type-post","status-publish","format-standard","has-post-thumbnail","hentry","category-olkeici"],"_links":{"self":[{"href":"https:\/\/ucnoqta.az\/index.php?rest_route=\/wp\/v2\/posts\/230666","targetHints":{"allow":["GET"]}}],"collection":[{"href":"https:\/\/ucnoqta.az\/index.php?rest_route=\/wp\/v2\/posts"}],"about":[{"href":"https:\/\/ucnoqta.az\/index.php?rest_route=\/wp\/v2\/types\/post"}],"author":[{"embeddable":true,"href":"https:\/\/ucnoqta.az\/index.php?rest_route=\/wp\/v2\/users\/1"}],"replies":[{"embeddable":true,"href":"https:\/\/ucnoqta.az\/index.php?rest_route=%2Fwp%2Fv2%2Fcomments&post=230666"}],"version-history":[{"count":0,"href":"https:\/\/ucnoqta.az\/index.php?rest_route=\/wp\/v2\/posts\/230666\/revisions"}],"wp:featuredmedia":[{"embeddable":true,"href":"https:\/\/ucnoqta.az\/index.php?rest_route=\/wp\/v2\/media\/251278"}],"wp:attachment":[{"href":"https:\/\/ucnoqta.az\/index.php?rest_route=%2Fwp%2Fv2%2Fmedia&parent=230666"}],"wp:term":[{"taxonomy":"category","embeddable":true,"href":"https:\/\/ucnoqta.az\/index.php?rest_route=%2Fwp%2Fv2%2Fcategories&post=230666"},{"taxonomy":"post_tag","embeddable":true,"href":"https:\/\/ucnoqta.az\/index.php?rest_route=%2Fwp%2Fv2%2Ftags&post=230666"}],"curies":[{"name":"wp","href":"https:\/\/api.w.org\/{rel}","templated":true}]}}