{"id":230664,"date":"2025-09-17T18:29:32","date_gmt":"2025-09-17T14:29:32","guid":{"rendered":""},"modified":"-0001-11-30T00:00:00","modified_gmt":"-0001-11-29T20:00:00","slug":"","status":"publish","type":"post","link":"https:\/\/ucnoqta.az\/?p=230664","title":{"rendered":"Zelenski g\u0259l\u0259n h\u0259ft\u0259 AB\u015e-a s\u0259f\u0259r ed\u0259c\u0259k"},"content":{"rendered":"<p><strong>Ukrayna Prezidenti Volodimir Zelenski g\u0259l\u0259n h\u0259ft\u0259 AB\u015e-a s\u0259f\u0259r ed\u0259c\u0259k.<\/strong><\/p>\n<p>APA&nbsp;&quot;\u0130nterfaks-Ukrayna&quot;ya istinad\u0259n x\u0259b\u0259r verir ki, bu bar\u0259d\u0259 Ukrayna Xarici \u0130\u015fl\u0259r Nazirliyinin s&ouml;z&ccedil;&uuml;s&uuml; Georgiy Tixiy m\u0259lumat verib.<\/p>\n<p>Tixiy brifinqd\u0259 bildirib ki, Ukrayna Nyu-Yorkda ke&ccedil;iril\u0259c\u0259k BMT Ba\u015f Assambleyas\u0131n\u0131n 80-ci sessiyas\u0131n\u0131n y&uuml;ks\u0259k s\u0259viyy\u0259li h\u0259ft\u0259si &ccedil;\u0259r&ccedil;iv\u0259sind\u0259 bir s\u0131ra t\u0259dbirl\u0259r\u0259 haz\u0131rla\u015f\u0131r v\u0259 bu t\u0259dbirl\u0259rd\u0259 Ukrayna lideri d\u0259 i\u015ftirak ed\u0259c\u0259k.<\/p>\n<p>S&ouml;z&ccedil;&uuml; xat\u0131rlad\u0131b ki, bu il Ukrayna BMT Ba\u015f Assambleyas\u0131n\u0131n y&uuml;ks\u0259k s\u0259viyy\u0259li seqmenti &ccedil;\u0259r&ccedil;iv\u0259sind\u0259 5-ci Beyn\u0259lxalq Kr\u0131m Platformas\u0131 Sammitinin ke&ccedil;irilm\u0259sin\u0259 haz\u0131rla\u015f\u0131r.<\/p>\n<p>Bundan \u0259lav\u0259, BMT T\u0259hl&uuml;k\u0259sizlik \u015euras\u0131n\u0131n &quot;Ukraynada s&uuml;lh v\u0259 t\u0259hl&uuml;k\u0259sizliyin qorunmas\u0131&quot; m&ouml;vzusunda y&uuml;ks\u0259k s\u0259viyy\u0259li iclas\u0131n\u0131n ke&ccedil;irilm\u0259si d\u0259 n\u0259z\u0259rd\u0259n ke&ccedil;irilir.<\/p>\n<p>Onun s&ouml;zl\u0259rin\u0259 g&ouml;r\u0259, Ukrayna Prezidentinin xarici d&ouml;vl\u0259t v\u0259 h&ouml;kum\u0259t ba\u015f&ccedil;\u0131lar\u0131 il\u0259 &ccedil;ox s\u0131x v\u0259 g\u0259rgin bir g&ouml;r&uuml;\u015f qrafiki haz\u0131rlan\u0131r.<\/p>\n<p>Eyni zamanda, xarici i\u015fl\u0259r naziri Andrey Sibiqa da ayr\u0131ca bir s\u0131ra t\u0259dbirl\u0259rd\u0259 i\u015ftirak ed\u0259c\u0259k v\u0259 dan\u0131\u015f\u0131qlar aparacaq.<\/p>\n<p>Xat\u0131rladaq ki, Rum\u0131niyan\u0131n xarici i\u015fl\u0259r naziri Oana \u021aoiu BMT Ba\u015f Assambleyas\u0131n\u0131n iclas\u0131nda Rusiya Federasiyas\u0131n\u0131n dronlarla ba\u011fl\u0131 t\u0259xribatlar\u0131 m\u0259s\u0259l\u0259sini qald\u0131rma\u011f\u0131 planla\u015fd\u0131rd\u0131qlar\u0131n\u0131 b\u0259yan edib.<\/p>\n","protected":false},"excerpt":{"rendered":"<p>Ukrayna Prezidenti Volodimir Zelenski g\u0259l\u0259n h\u0259ft\u0259 AB\u015e-a s\u0259f\u0259r ed\u0259c\u0259k. APA&nbsp;&quot;\u0130nterfaks-Ukrayna&quot;ya istinad\u0259n x\u0259b\u0259r verir ki, bu bar\u0259d\u0259 Ukrayna Xarici \u0130\u015fl\u0259r Nazirliyinin s&ouml;z&ccedil;&uuml;s&uuml; Georgiy Tixiy m\u0259lumat verib. Tixiy brifinqd\u0259 bildirib ki, Ukrayna&hellip;<\/p>\n","protected":false},"author":1,"featured_media":251278,"comment_status":"open","ping_status":"open","sticky":false,"template":"","format":"standard","meta":{"_lmt_disableupdate":"","_lmt_disable":"","footnotes":""},"categories":[89],"tags":[],"class_list":["post-230664","post","type-post","status-publish","format-standard","has-post-thumbnail","hentry","category-dunya-butun-xeberler"],"_links":{"self":[{"href":"https:\/\/ucnoqta.az\/index.php?rest_route=\/wp\/v2\/posts\/230664","targetHints":{"allow":["GET"]}}],"collection":[{"href":"https:\/\/ucnoqta.az\/index.php?rest_route=\/wp\/v2\/posts"}],"about":[{"href":"https:\/\/ucnoqta.az\/index.php?rest_route=\/wp\/v2\/types\/post"}],"author":[{"embeddable":true,"href":"https:\/\/ucnoqta.az\/index.php?rest_route=\/wp\/v2\/users\/1"}],"replies":[{"embeddable":true,"href":"https:\/\/ucnoqta.az\/index.php?rest_route=%2Fwp%2Fv2%2Fcomments&post=230664"}],"version-history":[{"count":0,"href":"https:\/\/ucnoqta.az\/index.php?rest_route=\/wp\/v2\/posts\/230664\/revisions"}],"wp:featuredmedia":[{"embeddable":true,"href":"https:\/\/ucnoqta.az\/index.php?rest_route=\/wp\/v2\/media\/251278"}],"wp:attachment":[{"href":"https:\/\/ucnoqta.az\/index.php?rest_route=%2Fwp%2Fv2%2Fmedia&parent=230664"}],"wp:term":[{"taxonomy":"category","embeddable":true,"href":"https:\/\/ucnoqta.az\/index.php?rest_route=%2Fwp%2Fv2%2Fcategories&post=230664"},{"taxonomy":"post_tag","embeddable":true,"href":"https:\/\/ucnoqta.az\/index.php?rest_route=%2Fwp%2Fv2%2Ftags&post=230664"}],"curies":[{"name":"wp","href":"https:\/\/api.w.org\/{rel}","templated":true}]}}