{"id":230653,"date":"2025-09-17T15:02:15","date_gmt":"2025-09-17T11:02:15","guid":{"rendered":""},"modified":"-0001-11-30T00:00:00","modified_gmt":"-0001-11-29T20:00:00","slug":"","status":"publish","type":"post","link":"https:\/\/ucnoqta.az\/?p=230653","title":{"rendered":"\u0130taliya NATO-nun \u015f\u0259rq cinah\u0131n\u0131 g\u00fccl\u0259ndirm\u0259k \u00fc\u00e7\u00fcn d\u00f6y\u00fc\u015f t\u0259yyar\u0259l\u0259ri g\u00f6nd\u0259rm\u0259y\u0259c\u0259k"},"content":{"rendered":"<p><strong>\u0130taliya h&ouml;kum\u0259ti r\u0259smi olaraq qo\u015fuldu\u011fu \u015e\u0259rq Sentinel \u0259m\u0259liyyat\u0131 &ccedil;\u0259r&ccedil;iv\u0259sind\u0259 NATO-nun \u015f\u0259rq cinah\u0131n\u0131 g&uuml;cl\u0259ndirm\u0259k &uuml;&ccedil;&uuml;n d&ouml;y&uuml;\u015f t\u0259yyar\u0259l\u0259rini g&ouml;nd\u0259rm\u0259y\u0259c\u0259k.<\/strong><\/p>\n<p>Ucnoqta.az x\u0259b\u0259r verir ki, yerl\u0259\u015fdirm\u0259y\u0259 art\u0131q Estoniyada yerl\u0259\u015fdiril\u0259n t\u0259yyar\u0259l\u0259rd\u0259n \u0259lav\u0259 Eurofighters v\u0259 F-35-l\u0259rin d\u0259 c\u0259lb olundu\u011funu daha \u0259vv\u0259l bildir\u0259n &ldquo;La Repubblica&rdquo; q\u0259zetinin m\u0259lumat\u0131na g&ouml;r\u0259, bu art\u0131q n\u0259z\u0259r\u0259 al\u0131nm\u0131r.<\/p>\n<p>Q\u0259zetin yazd\u0131\u011f\u0131na g&ouml;r\u0259, \u0130taliya Estoniyada SAMP-T hava h&uuml;cumundan m&uuml;dafi\u0259 sistemi v\u0259 radarla t\u0259chiz edilmi\u015f t\u0259yyar\u0259l\u0259rin yerl\u0259\u015fdirilm\u0259sinin uzad\u0131lmas\u0131 il\u0259 m\u0259hdudla\u015facaq.<\/p>\n","protected":false},"excerpt":{"rendered":"<p>\u0130taliya h&ouml;kum\u0259ti r\u0259smi olaraq qo\u015fuldu\u011fu \u015e\u0259rq Sentinel \u0259m\u0259liyyat\u0131 &ccedil;\u0259r&ccedil;iv\u0259sind\u0259 NATO-nun \u015f\u0259rq cinah\u0131n\u0131 g&uuml;cl\u0259ndirm\u0259k &uuml;&ccedil;&uuml;n d&ouml;y&uuml;\u015f t\u0259yyar\u0259l\u0259rini g&ouml;nd\u0259rm\u0259y\u0259c\u0259k. Ucnoqta.az x\u0259b\u0259r verir ki, yerl\u0259\u015fdirm\u0259y\u0259 art\u0131q Estoniyada yerl\u0259\u015fdiril\u0259n t\u0259yyar\u0259l\u0259rd\u0259n \u0259lav\u0259 Eurofighters v\u0259 F-35-l\u0259rin&hellip;<\/p>\n","protected":false},"author":1,"featured_media":251278,"comment_status":"open","ping_status":"open","sticky":false,"template":"","format":"standard","meta":{"_lmt_disableupdate":"","_lmt_disable":"","footnotes":""},"categories":[89],"tags":[],"class_list":["post-230653","post","type-post","status-publish","format-standard","has-post-thumbnail","hentry","category-dunya-butun-xeberler"],"_links":{"self":[{"href":"https:\/\/ucnoqta.az\/index.php?rest_route=\/wp\/v2\/posts\/230653","targetHints":{"allow":["GET"]}}],"collection":[{"href":"https:\/\/ucnoqta.az\/index.php?rest_route=\/wp\/v2\/posts"}],"about":[{"href":"https:\/\/ucnoqta.az\/index.php?rest_route=\/wp\/v2\/types\/post"}],"author":[{"embeddable":true,"href":"https:\/\/ucnoqta.az\/index.php?rest_route=\/wp\/v2\/users\/1"}],"replies":[{"embeddable":true,"href":"https:\/\/ucnoqta.az\/index.php?rest_route=%2Fwp%2Fv2%2Fcomments&post=230653"}],"version-history":[{"count":0,"href":"https:\/\/ucnoqta.az\/index.php?rest_route=\/wp\/v2\/posts\/230653\/revisions"}],"wp:featuredmedia":[{"embeddable":true,"href":"https:\/\/ucnoqta.az\/index.php?rest_route=\/wp\/v2\/media\/251278"}],"wp:attachment":[{"href":"https:\/\/ucnoqta.az\/index.php?rest_route=%2Fwp%2Fv2%2Fmedia&parent=230653"}],"wp:term":[{"taxonomy":"category","embeddable":true,"href":"https:\/\/ucnoqta.az\/index.php?rest_route=%2Fwp%2Fv2%2Fcategories&post=230653"},{"taxonomy":"post_tag","embeddable":true,"href":"https:\/\/ucnoqta.az\/index.php?rest_route=%2Fwp%2Fv2%2Ftags&post=230653"}],"curies":[{"name":"wp","href":"https:\/\/api.w.org\/{rel}","templated":true}]}}