{"id":230648,"date":"2025-09-17T14:31:59","date_gmt":"2025-09-17T10:31:59","guid":{"rendered":""},"modified":"-0001-11-30T00:00:00","modified_gmt":"-0001-11-29T20:00:00","slug":"","status":"publish","type":"post","link":"https:\/\/ucnoqta.az\/?p=230648","title":{"rendered":"Putin ilk d\u0259f\u0259 deyil ki, t\u0259liml\u0259r\u0259 h\u0259rbi forma geyinir &#8211;"},"content":{"rendered":"<p><strong>Rusiya prezidenti Vladimir Putin &ccedil;\u0259r\u015f\u0259nb\u0259 ax\u015fam\u0131 Nijni Novqorod vilay\u0259tind\u0259 ke&ccedil;iril\u0259n h\u0259rbi t\u0259liml\u0259rd\u0259 geyindiyi h\u0259rbi forman\u0131 art\u0131q geyinib.<\/strong><\/p>\n<p>Ucnoqta.az x\u0259b\u0259r verir ki, bu bar\u0259d\u0259 Rusiya liderinin m\u0259tbuat katibi Dmitri Peskov brifinqd\u0259 bildirib.<\/p>\n<p>&quot;Bu, yeni forma deyil; Putin daha \u0259vv\u0259l d\u0259 onun i&ccedil;ind\u0259 olub. Putin \u0259vv\u0259ll\u0259r d\u0259 x&uuml;susi h\u0259rbi \u0259m\u0259liyyatlarda i\u015ftirak ed\u0259n qruplar\u0131m\u0131z\u0131n q\u0259rargah\u0131na ba\u015f &ccedil;\u0259k\u0259rk\u0259n eyni h\u0259rbi formada&nbsp;olub&quot; &#8211; Kreml s&ouml;z&ccedil;&uuml;s&uuml; deyib.<\/p>\n<p>&Ccedil;\u0259r\u015f\u0259nb\u0259 ax\u015fam\u0131 Rusiya prezidenti Belarus v\u0259 Rusiya silahl\u0131 q&uuml;vv\u0259l\u0259rinin Nijni Novqorod vilay\u0259tind\u0259 ke&ccedil;iril\u0259n &quot;Zapad-2025&quot; birg\u0259 strateji t\u0259limind\u0259 i\u015ftirak edib.<\/p>\n<p>T\u0259lim iki &ouml;lk\u0259nin silahl\u0131 q&uuml;vv\u0259l\u0259rinin builki birg\u0259 t\u0259liml\u0259rinin yekun m\u0259rh\u0259l\u0259sidir. Koalisiya q&uuml;vv\u0259l\u0259ri qrupunun t\u0259rkibind\u0259 birg\u0259 \u0259m\u0259liyyatlar\u0131n apar\u0131lmas\u0131 &uuml;&ccedil;&uuml;n t\u0259lim\u0259 KTMT, \u015e\u018fT v\u0259 dig\u0259r t\u0259r\u0259fda\u015f d&ouml;vl\u0259tl\u0259rin h\u0259rbi komandanl\u0131q orqanlar\u0131n\u0131n operativ q&uuml;vv\u0259l\u0259ri v\u0259 h\u0259rbi kontingentl\u0259ri d\u0259v\u0259t olunub.<\/p>\n","protected":false},"excerpt":{"rendered":"<p>Rusiya prezidenti Vladimir Putin &ccedil;\u0259r\u015f\u0259nb\u0259 ax\u015fam\u0131 Nijni Novqorod vilay\u0259tind\u0259 ke&ccedil;iril\u0259n h\u0259rbi t\u0259liml\u0259rd\u0259 geyindiyi h\u0259rbi forman\u0131 art\u0131q geyinib. Ucnoqta.az x\u0259b\u0259r verir ki, bu bar\u0259d\u0259 Rusiya liderinin m\u0259tbuat katibi Dmitri Peskov brifinqd\u0259&hellip;<\/p>\n","protected":false},"author":1,"featured_media":251278,"comment_status":"open","ping_status":"open","sticky":false,"template":"","format":"standard","meta":{"_lmt_disableupdate":"","_lmt_disable":"","footnotes":""},"categories":[],"tags":[],"class_list":["post-230648","post","type-post","status-publish","format-standard","has-post-thumbnail","hentry"],"_links":{"self":[{"href":"https:\/\/ucnoqta.az\/index.php?rest_route=\/wp\/v2\/posts\/230648","targetHints":{"allow":["GET"]}}],"collection":[{"href":"https:\/\/ucnoqta.az\/index.php?rest_route=\/wp\/v2\/posts"}],"about":[{"href":"https:\/\/ucnoqta.az\/index.php?rest_route=\/wp\/v2\/types\/post"}],"author":[{"embeddable":true,"href":"https:\/\/ucnoqta.az\/index.php?rest_route=\/wp\/v2\/users\/1"}],"replies":[{"embeddable":true,"href":"https:\/\/ucnoqta.az\/index.php?rest_route=%2Fwp%2Fv2%2Fcomments&post=230648"}],"version-history":[{"count":0,"href":"https:\/\/ucnoqta.az\/index.php?rest_route=\/wp\/v2\/posts\/230648\/revisions"}],"wp:featuredmedia":[{"embeddable":true,"href":"https:\/\/ucnoqta.az\/index.php?rest_route=\/wp\/v2\/media\/251278"}],"wp:attachment":[{"href":"https:\/\/ucnoqta.az\/index.php?rest_route=%2Fwp%2Fv2%2Fmedia&parent=230648"}],"wp:term":[{"taxonomy":"category","embeddable":true,"href":"https:\/\/ucnoqta.az\/index.php?rest_route=%2Fwp%2Fv2%2Fcategories&post=230648"},{"taxonomy":"post_tag","embeddable":true,"href":"https:\/\/ucnoqta.az\/index.php?rest_route=%2Fwp%2Fv2%2Ftags&post=230648"}],"curies":[{"name":"wp","href":"https:\/\/api.w.org\/{rel}","templated":true}]}}