{"id":230644,"date":"2025-09-17T13:58:17","date_gmt":"2025-09-17T09:58:17","guid":{"rendered":""},"modified":"-0001-11-30T00:00:00","modified_gmt":"-0001-11-29T20:00:00","slug":"","status":"publish","type":"post","link":"https:\/\/ucnoqta.az\/?p=230644","title":{"rendered":"M\u0259hk\u0259m\u0259 Fikr\u0259t C\u0259f\u0259rli bar\u0259sind\u0259 q\u0259rar verdi"},"content":{"rendered":"<p><strong>\u0130\u015fg\u0259nc\u0259l\u0259r \u018fleyhin\u0259 Ara\u015fd\u0131rma M\u0259rk\u0259zinin s\u0259dri Fikr\u0259t C\u0259f\u0259rlinin bar\u0259sind\u0259 h&ouml;kmd\u0259n veril\u0259n apellyasiya \u015fikay\u0259ti &uuml;zr\u0259 m\u0259hk\u0259m\u0259 prosesi ke&ccedil;irilib.<\/strong><\/p>\n<p>Bu g&uuml;n Bak\u0131 Apellyasiya M\u0259hk\u0259m\u0259sind\u0259 hakim Aqil Musayevin s\u0259drliyi il\u0259 ke&ccedil;iril\u0259n prosesd\u0259 q\u0259rar elan olunub.<\/p>\n<p>Apellyasiya \u015fikay\u0259ti t\u0259min edilm\u0259yib v\u0259 birinci instansiya m\u0259hk\u0259m\u0259sinin q\u0259rar\u0131 q&uuml;vv\u0259d\u0259 saxlan\u0131l\u0131b.<\/p>\n<p>Xat\u0131rladaq ki, Binq\u0259di Rayon M\u0259hk\u0259m\u0259sinin h&ouml;km&uuml; il\u0259 Fikr\u0259t C\u0259f\u0259rli 4 ay m&uuml;dd\u0259tin\u0259 azadl\u0131qdan&nbsp;m\u0259hrum edilib.&nbsp;O, m\u0259hk\u0259m\u0259 zal\u0131nda h\u0259bs olunub.<br \/>\nQeyd ed\u0259k ki, V\u0259kill\u0259r Kollegiyas\u0131n\u0131n \u0130ntizam Komissiyas\u0131n\u0131n &uuml;zv&uuml;, v\u0259kil Elvin \u018fliyev Fikr\u0259t C\u0259f\u0259rlini x&uuml;susi ittiham qaydas\u0131nda m\u0259hk\u0259m\u0259y\u0259 verib.<br \/>\nE.\u018fliyev F.C\u0259f\u0259rlinin ona sosial \u015f\u0259b\u0259k\u0259d\u0259 b&ouml;htan atd\u0131\u011f\u0131n\u0131, i\u015fg&uuml;zar n&uuml;fuzuna z\u0259r\u0259r vurdu\u011funu iddia ed\u0259r\u0259k onun Cinay\u0259t M\u0259c\u0259ll\u0259sinin 147-ci (b&ouml;htan) madd\u0259si &uuml;zr\u0259 cinay\u0259t m\u0259suliyy\u0259t\u0259 c\u0259lb olunmas\u0131n\u0131 ist\u0259yib.\/\/\/Apa<\/p>\n","protected":false},"excerpt":{"rendered":"<p>\u0130\u015fg\u0259nc\u0259l\u0259r \u018fleyhin\u0259 Ara\u015fd\u0131rma M\u0259rk\u0259zinin s\u0259dri Fikr\u0259t C\u0259f\u0259rlinin bar\u0259sind\u0259 h&ouml;kmd\u0259n veril\u0259n apellyasiya \u015fikay\u0259ti &uuml;zr\u0259 m\u0259hk\u0259m\u0259 prosesi ke&ccedil;irilib. Bu g&uuml;n Bak\u0131 Apellyasiya M\u0259hk\u0259m\u0259sind\u0259 hakim Aqil Musayevin s\u0259drliyi il\u0259 ke&ccedil;iril\u0259n prosesd\u0259 q\u0259rar elan&hellip;<\/p>\n","protected":false},"author":1,"featured_media":251278,"comment_status":"open","ping_status":"open","sticky":false,"template":"","format":"standard","meta":{"_lmt_disableupdate":"","_lmt_disable":"","footnotes":""},"categories":[],"tags":[],"class_list":["post-230644","post","type-post","status-publish","format-standard","has-post-thumbnail","hentry"],"_links":{"self":[{"href":"https:\/\/ucnoqta.az\/index.php?rest_route=\/wp\/v2\/posts\/230644","targetHints":{"allow":["GET"]}}],"collection":[{"href":"https:\/\/ucnoqta.az\/index.php?rest_route=\/wp\/v2\/posts"}],"about":[{"href":"https:\/\/ucnoqta.az\/index.php?rest_route=\/wp\/v2\/types\/post"}],"author":[{"embeddable":true,"href":"https:\/\/ucnoqta.az\/index.php?rest_route=\/wp\/v2\/users\/1"}],"replies":[{"embeddable":true,"href":"https:\/\/ucnoqta.az\/index.php?rest_route=%2Fwp%2Fv2%2Fcomments&post=230644"}],"version-history":[{"count":0,"href":"https:\/\/ucnoqta.az\/index.php?rest_route=\/wp\/v2\/posts\/230644\/revisions"}],"wp:featuredmedia":[{"embeddable":true,"href":"https:\/\/ucnoqta.az\/index.php?rest_route=\/wp\/v2\/media\/251278"}],"wp:attachment":[{"href":"https:\/\/ucnoqta.az\/index.php?rest_route=%2Fwp%2Fv2%2Fmedia&parent=230644"}],"wp:term":[{"taxonomy":"category","embeddable":true,"href":"https:\/\/ucnoqta.az\/index.php?rest_route=%2Fwp%2Fv2%2Fcategories&post=230644"},{"taxonomy":"post_tag","embeddable":true,"href":"https:\/\/ucnoqta.az\/index.php?rest_route=%2Fwp%2Fv2%2Ftags&post=230644"}],"curies":[{"name":"wp","href":"https:\/\/api.w.org\/{rel}","templated":true}]}}