{"id":230637,"date":"2025-09-17T12:22:40","date_gmt":"2025-09-17T08:22:40","guid":{"rendered":""},"modified":"-0001-11-30T00:00:00","modified_gmt":"-0001-11-29T20:00:00","slug":"","status":"publish","type":"post","link":"https:\/\/ucnoqta.az\/?p=230637","title":{"rendered":"Bu qurumlar onlayn rejim\u0259 ke\u00e7di"},"content":{"rendered":"<p><strong>H&ouml;kum\u0259t Evind\u0259 yerl\u0259\u015f\u0259n d&ouml;vl\u0259t qurumlar\u0131n\u0131n \u0259m\u0259kda\u015flar\u0131 5 g&uuml;n m&uuml;dd\u0259tind\u0259 onlayn rejimd\u0259 f\u0259aliyy\u0259t g&ouml;st\u0259r\u0259c\u0259k.<\/strong><\/p>\n<p>Ucnoqta.az x\u0259b\u0259r verir ki, H&ouml;kum\u0259t Evind\u0259 yerl\u0259\u015f\u0259n qurumlardan &ldquo;Qafqazinfo&rdquo;ya m\u0259lumat\u0131 t\u0259sdiql\u0259yibl\u0259r.<\/p>\n<p>Bildirilib ki, buna s\u0259b\u0259b Formula 1 yar\u0131\u015flar\u0131 il\u0259 \u0259laq\u0259dar \u0259razid\u0259 h\u0259r\u0259k\u0259tin m\u0259hdudla\u015fd\u0131r\u0131lmas\u0131d\u0131r.<\/p>\n<p>H&ouml;kum\u0259t Evi yar\u0131\u015flar\u0131n ke&ccedil;irildiyi \u0259sas zonada yerl\u0259\u015fdiyind\u0259n sentyabr\u0131n 22-n\u0259 q\u0259d\u0259r binaya giri\u015f qada\u011fan olunub.<\/p>\n<p>\u018fm\u0259kda\u015flar\u0131n da m\u0259hz h\u0259min g&uuml;nd\u0259n i\u015f\u0259 qay\u0131dacaqlar\u0131 qeyd olunub.<\/p>\n<p>Qeyd ed\u0259k ki, H&ouml;kum\u0259t Evind\u0259 bir ne&ccedil;\u0259 d&ouml;vl\u0259t qurumu &#8211; M\u0259d\u0259niyy\u0259t Nazirliyi, Energetika Nazirliyi, \u0130nsan H&uuml;quqlar\u0131 &uuml;zr\u0259 M&uuml;v\u0259kkili, Ail\u0259, Qad\u0131n, U\u015faq M\u0259s\u0259l\u0259l\u0259ri &uuml;zr\u0259 D&ouml;vl\u0259t Komit\u0259si, ADSEA tabeliyind\u0259ki Regional Su Meliorasiya Xidm\u0259ti f\u0259aliyy\u0259t g&ouml;st\u0259rir.<\/p>\n","protected":false},"excerpt":{"rendered":"<p>H&ouml;kum\u0259t Evind\u0259 yerl\u0259\u015f\u0259n d&ouml;vl\u0259t qurumlar\u0131n\u0131n \u0259m\u0259kda\u015flar\u0131 5 g&uuml;n m&uuml;dd\u0259tind\u0259 onlayn rejimd\u0259 f\u0259aliyy\u0259t g&ouml;st\u0259r\u0259c\u0259k. Ucnoqta.az x\u0259b\u0259r verir ki, H&ouml;kum\u0259t Evind\u0259 yerl\u0259\u015f\u0259n qurumlardan &ldquo;Qafqazinfo&rdquo;ya m\u0259lumat\u0131 t\u0259sdiql\u0259yibl\u0259r. Bildirilib ki, buna s\u0259b\u0259b Formula 1&hellip;<\/p>\n","protected":false},"author":1,"featured_media":251278,"comment_status":"open","ping_status":"open","sticky":false,"template":"","format":"standard","meta":{"_lmt_disableupdate":"","_lmt_disable":"","footnotes":""},"categories":[86],"tags":[],"class_list":["post-230637","post","type-post","status-publish","format-standard","has-post-thumbnail","hentry","category-siyaset"],"_links":{"self":[{"href":"https:\/\/ucnoqta.az\/index.php?rest_route=\/wp\/v2\/posts\/230637","targetHints":{"allow":["GET"]}}],"collection":[{"href":"https:\/\/ucnoqta.az\/index.php?rest_route=\/wp\/v2\/posts"}],"about":[{"href":"https:\/\/ucnoqta.az\/index.php?rest_route=\/wp\/v2\/types\/post"}],"author":[{"embeddable":true,"href":"https:\/\/ucnoqta.az\/index.php?rest_route=\/wp\/v2\/users\/1"}],"replies":[{"embeddable":true,"href":"https:\/\/ucnoqta.az\/index.php?rest_route=%2Fwp%2Fv2%2Fcomments&post=230637"}],"version-history":[{"count":0,"href":"https:\/\/ucnoqta.az\/index.php?rest_route=\/wp\/v2\/posts\/230637\/revisions"}],"wp:featuredmedia":[{"embeddable":true,"href":"https:\/\/ucnoqta.az\/index.php?rest_route=\/wp\/v2\/media\/251278"}],"wp:attachment":[{"href":"https:\/\/ucnoqta.az\/index.php?rest_route=%2Fwp%2Fv2%2Fmedia&parent=230637"}],"wp:term":[{"taxonomy":"category","embeddable":true,"href":"https:\/\/ucnoqta.az\/index.php?rest_route=%2Fwp%2Fv2%2Fcategories&post=230637"},{"taxonomy":"post_tag","embeddable":true,"href":"https:\/\/ucnoqta.az\/index.php?rest_route=%2Fwp%2Fv2%2Ftags&post=230637"}],"curies":[{"name":"wp","href":"https:\/\/api.w.org\/{rel}","templated":true}]}}