{"id":230633,"date":"2025-09-17T11:53:44","date_gmt":"2025-09-17T07:53:44","guid":{"rendered":""},"modified":"-0001-11-30T00:00:00","modified_gmt":"-0001-11-29T20:00:00","slug":"","status":"publish","type":"post","link":"https:\/\/ucnoqta.az\/?p=230633","title":{"rendered":"V\u0259kil Cavidan Osmanl\u0131dan edil\u0259n \u015fikay\u0259tl\u0259r \u0259sas\u0131nda cinay\u0259t i\u015fi ba\u015flan\u0131l\u0131b"},"content":{"rendered":"<p><strong>V\u0259kil Cavidan Osmanl\u0131dan edil\u0259n \u015fikay\u0259tl\u0259r \u0259sas\u0131nda cinay\u0259t i\u015fi ba\u015flan\u0131l\u0131b.<\/strong><\/p>\n<p>Ucnoqta.az x\u0259b\u0259r verir ki, APA-n\u0131n \u0259ld\u0259 etdiyi m\u0259lumata g&ouml;r\u0259, v\u0259kil bar\u0259sind\u0259 Pirallah\u0131 Rayon Polis \u0130dar\u0259sin\u0259 m&uuml;raci\u0259t edilib.<\/p>\n<p>\u0130lkin iddialara g&ouml;r\u0259, o, 10-a yax\u0131n \u015f\u0259xs\u0259 i\u015f\u0259 b\u0259rpa etm\u0259kl\u0259 ba\u011fl\u0131 s\u0259n\u0259d haz\u0131rlay\u0131b m\u0259hk\u0259m\u0259y\u0259 m&uuml;raci\u0259t ed\u0259c\u0259yini bildir\u0259r\u0259k v\u0259d verib. Lakin v\u0259din\u0259 \u0259m\u0259l etm\u0259yib. O, z\u0259r\u0259r&ccedil;\u0259k\u0259nl\u0259rd\u0259n xeyli miqdarda pul al\u0131b, d\u0259l\u0259duzluq etm\u0259kd\u0259 \u015f&uuml;bh\u0259li bilinir.<\/p>\n<p>Z\u0259r\u0259r&ccedil;\u0259k\u0259nl\u0259rin \u015fikay\u0259tl\u0259ri \u0259sas\u0131nda ba\u015flanan cinay\u0259t i\u015fi &uuml;zr\u0259 Pirallah\u0131 Rayon Polis \u0130dar\u0259sind\u0259 ara\u015fd\u0131rma apar\u0131l\u0131r.<\/p>\n<p>V\u0259kil Cavidan Osmanl\u0131 is\u0259&nbsp;APA-ya a&ccedil;\u0131qlamas\u0131nda bu m\u0259lumat\u0131n h\u0259qiq\u0259ti \u0259ks etdirm\u0259diyini bildirib. O, m\u0259s\u0259l\u0259d\u0259n x\u0259b\u0259rsiz oldu\u011funu da \u0259lav\u0259 edib.<\/p>\n","protected":false},"excerpt":{"rendered":"<p>V\u0259kil Cavidan Osmanl\u0131dan edil\u0259n \u015fikay\u0259tl\u0259r \u0259sas\u0131nda cinay\u0259t i\u015fi ba\u015flan\u0131l\u0131b. Ucnoqta.az x\u0259b\u0259r verir ki, APA-n\u0131n \u0259ld\u0259 etdiyi m\u0259lumata g&ouml;r\u0259, v\u0259kil bar\u0259sind\u0259 Pirallah\u0131 Rayon Polis \u0130dar\u0259sin\u0259 m&uuml;raci\u0259t edilib. \u0130lkin iddialara g&ouml;r\u0259, o,&hellip;<\/p>\n","protected":false},"author":1,"featured_media":251278,"comment_status":"open","ping_status":"open","sticky":false,"template":"","format":"standard","meta":{"_lmt_disableupdate":"","_lmt_disable":"","footnotes":""},"categories":[],"tags":[],"class_list":["post-230633","post","type-post","status-publish","format-standard","has-post-thumbnail","hentry"],"_links":{"self":[{"href":"https:\/\/ucnoqta.az\/index.php?rest_route=\/wp\/v2\/posts\/230633","targetHints":{"allow":["GET"]}}],"collection":[{"href":"https:\/\/ucnoqta.az\/index.php?rest_route=\/wp\/v2\/posts"}],"about":[{"href":"https:\/\/ucnoqta.az\/index.php?rest_route=\/wp\/v2\/types\/post"}],"author":[{"embeddable":true,"href":"https:\/\/ucnoqta.az\/index.php?rest_route=\/wp\/v2\/users\/1"}],"replies":[{"embeddable":true,"href":"https:\/\/ucnoqta.az\/index.php?rest_route=%2Fwp%2Fv2%2Fcomments&post=230633"}],"version-history":[{"count":0,"href":"https:\/\/ucnoqta.az\/index.php?rest_route=\/wp\/v2\/posts\/230633\/revisions"}],"wp:featuredmedia":[{"embeddable":true,"href":"https:\/\/ucnoqta.az\/index.php?rest_route=\/wp\/v2\/media\/251278"}],"wp:attachment":[{"href":"https:\/\/ucnoqta.az\/index.php?rest_route=%2Fwp%2Fv2%2Fmedia&parent=230633"}],"wp:term":[{"taxonomy":"category","embeddable":true,"href":"https:\/\/ucnoqta.az\/index.php?rest_route=%2Fwp%2Fv2%2Fcategories&post=230633"},{"taxonomy":"post_tag","embeddable":true,"href":"https:\/\/ucnoqta.az\/index.php?rest_route=%2Fwp%2Fv2%2Ftags&post=230633"}],"curies":[{"name":"wp","href":"https:\/\/api.w.org\/{rel}","templated":true}]}}