{"id":230620,"date":"2025-09-17T08:14:32","date_gmt":"2025-09-17T04:14:32","guid":{"rendered":""},"modified":"-0001-11-30T00:00:00","modified_gmt":"-0001-11-29T20:00:00","slug":"","status":"publish","type":"post","link":"https:\/\/ucnoqta.az\/?p=230620","title":{"rendered":"&#8220;Qaraba\u011f&#8221;a m\u0259\u011flub olan &#8220;Benfika&#8221;n\u0131n ba\u015f m\u0259\u015fq\u00e7isi komandadan qovuldu"},"content":{"rendered":"<p>Portuqaliyan\u0131n &quot;Benfika&quot; klubu &quot;Qaraba\u011f&quot;a uduzduqlar\u0131 UEFA &Ccedil;empionlar Liqas\u0131n\u0131n \u0259sas m\u0259rh\u0259l\u0259sinin ilk oyunundan sonra ba\u015f m\u0259\u015fq&ccedil;isi Brunu Laje il\u0259 yollar\u0131n\u0131 ay\u0131r\u0131b.<\/p>\n<p>Ucnoqta.az &quot;Report&quot;a istinad\u0259n x\u0259b\u0259r verir ki, bu bar\u0259d\u0259 Lissabon t\u0259msil&ccedil;isinin prezidenti Ruy Ko\u015fta a&ccedil;\u0131qlama verib.<\/p>\n<p>O, bunun &uuml;&ccedil;&uuml;n t\u0259\u0259ss&uuml;fl\u0259ndiyini bildirib.&nbsp;<\/p>\n<p>Funksioner h\u0259ft\u0259sonunad\u0259k yeni ba\u015f m\u0259\u015fq&ccedil;inin t\u0259yin edil\u0259c\u0259yini s&ouml;zl\u0259rin\u0259 \u0259lav\u0259 edib. Qeyd ed\u0259k ki, &quot;Qaraba\u011f&quot; s\u0259f\u0259rd\u0259 r\u0259qibini 3:2 hesab\u0131 il\u0259 &uuml;st\u0259l\u0259yib.<\/p>\n","protected":false},"excerpt":{"rendered":"<p>Portuqaliyan\u0131n &quot;Benfika&quot; klubu &quot;Qaraba\u011f&quot;a uduzduqlar\u0131 UEFA &Ccedil;empionlar Liqas\u0131n\u0131n \u0259sas m\u0259rh\u0259l\u0259sinin ilk oyunundan sonra ba\u015f m\u0259\u015fq&ccedil;isi Brunu Laje il\u0259 yollar\u0131n\u0131 ay\u0131r\u0131b. Ucnoqta.az &quot;Report&quot;a istinad\u0259n x\u0259b\u0259r verir ki, bu bar\u0259d\u0259 Lissabon t\u0259msil&ccedil;isinin&hellip;<\/p>\n","protected":false},"author":1,"featured_media":251278,"comment_status":"open","ping_status":"open","sticky":false,"template":"","format":"standard","meta":{"_lmt_disableupdate":"","_lmt_disable":"","footnotes":""},"categories":[90],"tags":[],"class_list":["post-230620","post","type-post","status-publish","format-standard","has-post-thumbnail","hentry","category-idman-butun-xeberler"],"_links":{"self":[{"href":"https:\/\/ucnoqta.az\/index.php?rest_route=\/wp\/v2\/posts\/230620","targetHints":{"allow":["GET"]}}],"collection":[{"href":"https:\/\/ucnoqta.az\/index.php?rest_route=\/wp\/v2\/posts"}],"about":[{"href":"https:\/\/ucnoqta.az\/index.php?rest_route=\/wp\/v2\/types\/post"}],"author":[{"embeddable":true,"href":"https:\/\/ucnoqta.az\/index.php?rest_route=\/wp\/v2\/users\/1"}],"replies":[{"embeddable":true,"href":"https:\/\/ucnoqta.az\/index.php?rest_route=%2Fwp%2Fv2%2Fcomments&post=230620"}],"version-history":[{"count":0,"href":"https:\/\/ucnoqta.az\/index.php?rest_route=\/wp\/v2\/posts\/230620\/revisions"}],"wp:featuredmedia":[{"embeddable":true,"href":"https:\/\/ucnoqta.az\/index.php?rest_route=\/wp\/v2\/media\/251278"}],"wp:attachment":[{"href":"https:\/\/ucnoqta.az\/index.php?rest_route=%2Fwp%2Fv2%2Fmedia&parent=230620"}],"wp:term":[{"taxonomy":"category","embeddable":true,"href":"https:\/\/ucnoqta.az\/index.php?rest_route=%2Fwp%2Fv2%2Fcategories&post=230620"},{"taxonomy":"post_tag","embeddable":true,"href":"https:\/\/ucnoqta.az\/index.php?rest_route=%2Fwp%2Fv2%2Ftags&post=230620"}],"curies":[{"name":"wp","href":"https:\/\/api.w.org\/{rel}","templated":true}]}}