{"id":230615,"date":"2025-09-17T00:53:17","date_gmt":"2025-09-16T20:53:17","guid":{"rendered":""},"modified":"-0001-11-30T00:00:00","modified_gmt":"-0001-11-29T20:00:00","slug":"","status":"publish","type":"post","link":"https:\/\/ucnoqta.az\/?p=230615","title":{"rendered":"&#8220;Qaraba\u011f&#8221; \u00e7\u0259tin s\u0259f\u0259rd\u0259n q\u0259l\u0259b\u0259 il\u0259 qay\u0131d\u0131r"},"content":{"rendered":"<p><strong>UEFA &Ccedil;empionlar Liqas\u0131n\u0131n \u0259sas m\u0259rh\u0259l\u0259sinin I turunun Az\u0259rbaycan t\u0259msil&ccedil;isi &quot;Qaraba\u011f&quot; Portuqaliyada &quot;Benfika&quot;n\u0131n qona\u011f\u0131 olub.<\/strong><\/p>\n<p>Ucnoqta.az x\u0259b\u0259r verir ki, qar\u015f\u0131la\u015fma &quot;E\u015ftadiu da Lu\u015f&quot; stadionunda ke&ccedil;irilib.&nbsp;Hesab\u0131 oyunun&nbsp;6-c\u0131 d\u0259qiq\u0259sind\u0259 Entso Barren\u0435&ccedil;\u0435\u0430 a&ccedil;\u0131b.&nbsp;16-c\u0131 d\u0259qiq\u0259d\u0259 &quot;Benfika&quot; hesab\u0131 iki topa &ccedil;atd\u0131r\u0131b.<\/p>\n<p>Oyunun 30-cu d\u0259qiq\u0259sind\u0259 Leandro Andrade hesab aras\u0131ndak\u0131 f\u0259rqi azald\u0131b. Kamilo Duran portuqallar\u0131n qap\u0131s\u0131ndan ikinci topu ke&ccedil;ir\u0259r\u0259k hesab\u0131 b\u0259rab\u0259rl\u0259\u015fdirib&nbsp;2:2.&nbsp;<br \/>\n86-c\u0131-ci d\u0259qiq\u0259d\u0259 Aleksey Ka\u015fuk r\u0259qibi &uuml;&ccedil;&uuml;nc&uuml; d\u0259f\u0259 meydan\u0131n m\u0259rk\u0259zind\u0259n ba\u015flama\u011fa m\u0259cbur edib 2:3.<\/p>\n<p>Qar\u015f\u0131la\u015fma &quot;Qaraba\u011f&quot;\u0131n q\u0259l\u0259b\u0259si il\u0259 yekunla\u015f\u0131b.<\/p>\n<p><strong>16 sentyabr<\/strong><\/p>\n<p><strong>UEFA &Ccedil;empionlar Liqas\u0131<\/strong><\/p>\n<p><strong>Liqa m\u0259rh\u0259l\u0259si, 1-ci tur<\/strong><\/p>\n<p><strong>23:00. &quot;Benfika&quot; (Portuqaliya) &#8211; &quot;Qaraba\u011f&quot; (Az\u0259rbaycan) &#8211; 2:3<\/strong><\/p>\n<p><strong>Qollar:&nbsp;<\/strong>Barrene&ccedil;ea, 6 (1:0);&nbsp;Pavlidis, 16 (2:0); Leandro Andrade, 30 (2:1); Kamilo Duran, 49 (2:2), Aleksey Ka\u015fuk, 87 (2:3)<\/p>\n<p><strong>Haiml\u0259r:<\/strong>&nbsp;Erik Lambrexts,&nbsp;Co De Veird v\u0259 Kevin Monteni (Bel&ccedil;ika)&nbsp;<\/p>\n<p>Lissabon.&nbsp;&ldquo;Estadio da Luz&rdquo;<\/p>\n","protected":false},"excerpt":{"rendered":"<p>UEFA &Ccedil;empionlar Liqas\u0131n\u0131n \u0259sas m\u0259rh\u0259l\u0259sinin I turunun Az\u0259rbaycan t\u0259msil&ccedil;isi &quot;Qaraba\u011f&quot; Portuqaliyada &quot;Benfika&quot;n\u0131n qona\u011f\u0131 olub. Ucnoqta.az x\u0259b\u0259r verir ki, qar\u015f\u0131la\u015fma &quot;E\u015ftadiu da Lu\u015f&quot; stadionunda ke&ccedil;irilib.&nbsp;Hesab\u0131 oyunun&nbsp;6-c\u0131 d\u0259qiq\u0259sind\u0259 Entso Barren\u0435&ccedil;\u0435\u0430 a&ccedil;\u0131b.&nbsp;16-c\u0131 d\u0259qiq\u0259d\u0259&hellip;<\/p>\n","protected":false},"author":1,"featured_media":251278,"comment_status":"open","ping_status":"open","sticky":false,"template":"","format":"standard","meta":{"_lmt_disableupdate":"","_lmt_disable":"","footnotes":""},"categories":[],"tags":[],"class_list":["post-230615","post","type-post","status-publish","format-standard","has-post-thumbnail","hentry"],"_links":{"self":[{"href":"https:\/\/ucnoqta.az\/index.php?rest_route=\/wp\/v2\/posts\/230615","targetHints":{"allow":["GET"]}}],"collection":[{"href":"https:\/\/ucnoqta.az\/index.php?rest_route=\/wp\/v2\/posts"}],"about":[{"href":"https:\/\/ucnoqta.az\/index.php?rest_route=\/wp\/v2\/types\/post"}],"author":[{"embeddable":true,"href":"https:\/\/ucnoqta.az\/index.php?rest_route=\/wp\/v2\/users\/1"}],"replies":[{"embeddable":true,"href":"https:\/\/ucnoqta.az\/index.php?rest_route=%2Fwp%2Fv2%2Fcomments&post=230615"}],"version-history":[{"count":0,"href":"https:\/\/ucnoqta.az\/index.php?rest_route=\/wp\/v2\/posts\/230615\/revisions"}],"wp:featuredmedia":[{"embeddable":true,"href":"https:\/\/ucnoqta.az\/index.php?rest_route=\/wp\/v2\/media\/251278"}],"wp:attachment":[{"href":"https:\/\/ucnoqta.az\/index.php?rest_route=%2Fwp%2Fv2%2Fmedia&parent=230615"}],"wp:term":[{"taxonomy":"category","embeddable":true,"href":"https:\/\/ucnoqta.az\/index.php?rest_route=%2Fwp%2Fv2%2Fcategories&post=230615"},{"taxonomy":"post_tag","embeddable":true,"href":"https:\/\/ucnoqta.az\/index.php?rest_route=%2Fwp%2Fv2%2Ftags&post=230615"}],"curies":[{"name":"wp","href":"https:\/\/api.w.org\/{rel}","templated":true}]}}