{"id":229814,"date":"2025-09-02T15:28:23","date_gmt":"2025-09-02T11:28:23","guid":{"rendered":""},"modified":"-0001-11-30T00:00:00","modified_gmt":"-0001-11-29T20:00:00","slug":"","status":"publish","type":"post","link":"https:\/\/ucnoqta.az\/?p=229814","title":{"rendered":"Meksika AB\u015e-a tabe olmaqdan imtina etdi"},"content":{"rendered":"<p><strong>Meksika prezidenti Klaudiya \u015eeynbaum tarifl\u0259rd\u0259n yay\u0131nmaq &uuml;&ccedil;&uuml;n AB\u015e-la t\u0259hl&uuml;k\u0259sizlik sazi\u015fi ba\u011flama\u011fa haz\u0131r oldu\u011funu, lakin tabe&ccedil;iliksiz oldu\u011funu bildirib.<\/strong><\/p>\n<p>Ucnoqta.az x\u0259b\u0259r verir ki, bu bar\u0259d\u0259 Axios portal\u0131 m\u0259lumat yay\u0131b.<\/p>\n<p>&quot;Biz a&ccedil;\u0131q \u015f\u0259kild\u0259 bildirdik ki, bu anla\u015fma ortaq m\u0259suliyy\u0259t\u0259, qar\u015f\u0131l\u0131ql\u0131 etimada, suverenliy\u0259 v\u0259 \u0259raziy\u0259 h&ouml;rm\u0259t\u0259, el\u0259c\u0259 d\u0259 tabe&ccedil;iliksiz \u0259m\u0259kda\u015fl\u0131\u011fa \u0259saslan\u0131r&quot;, &#8211; \u015eeynbaum deyib.<\/p>\n<p>O, m&uuml;raci\u0259tind\u0259 qeyd edib ki, Meksika Tramp administrasiyas\u0131 t\u0259r\u0259find\u0259n t\u0259tbiq edil\u0259n yeni ticar\u0259t tarifl\u0259rin\u0259 reaksiyas\u0131nda t\u0259k deyil.<\/p>\n","protected":false},"excerpt":{"rendered":"<p>Meksika prezidenti Klaudiya \u015eeynbaum tarifl\u0259rd\u0259n yay\u0131nmaq &uuml;&ccedil;&uuml;n AB\u015e-la t\u0259hl&uuml;k\u0259sizlik sazi\u015fi ba\u011flama\u011fa haz\u0131r oldu\u011funu, lakin tabe&ccedil;iliksiz oldu\u011funu bildirib. Ucnoqta.az x\u0259b\u0259r verir ki, bu bar\u0259d\u0259 Axios portal\u0131 m\u0259lumat yay\u0131b. &quot;Biz a&ccedil;\u0131q \u015f\u0259kild\u0259&hellip;<\/p>\n","protected":false},"author":1,"featured_media":251278,"comment_status":"open","ping_status":"open","sticky":false,"template":"","format":"standard","meta":{"_lmt_disableupdate":"","_lmt_disable":"","footnotes":""},"categories":[89],"tags":[],"class_list":["post-229814","post","type-post","status-publish","format-standard","has-post-thumbnail","hentry","category-dunya-butun-xeberler"],"_links":{"self":[{"href":"https:\/\/ucnoqta.az\/index.php?rest_route=\/wp\/v2\/posts\/229814","targetHints":{"allow":["GET"]}}],"collection":[{"href":"https:\/\/ucnoqta.az\/index.php?rest_route=\/wp\/v2\/posts"}],"about":[{"href":"https:\/\/ucnoqta.az\/index.php?rest_route=\/wp\/v2\/types\/post"}],"author":[{"embeddable":true,"href":"https:\/\/ucnoqta.az\/index.php?rest_route=\/wp\/v2\/users\/1"}],"replies":[{"embeddable":true,"href":"https:\/\/ucnoqta.az\/index.php?rest_route=%2Fwp%2Fv2%2Fcomments&post=229814"}],"version-history":[{"count":0,"href":"https:\/\/ucnoqta.az\/index.php?rest_route=\/wp\/v2\/posts\/229814\/revisions"}],"wp:featuredmedia":[{"embeddable":true,"href":"https:\/\/ucnoqta.az\/index.php?rest_route=\/wp\/v2\/media\/251278"}],"wp:attachment":[{"href":"https:\/\/ucnoqta.az\/index.php?rest_route=%2Fwp%2Fv2%2Fmedia&parent=229814"}],"wp:term":[{"taxonomy":"category","embeddable":true,"href":"https:\/\/ucnoqta.az\/index.php?rest_route=%2Fwp%2Fv2%2Fcategories&post=229814"},{"taxonomy":"post_tag","embeddable":true,"href":"https:\/\/ucnoqta.az\/index.php?rest_route=%2Fwp%2Fv2%2Ftags&post=229814"}],"curies":[{"name":"wp","href":"https:\/\/api.w.org\/{rel}","templated":true}]}}