{"id":229807,"date":"2025-09-02T13:22:50","date_gmt":"2025-09-02T09:22:50","guid":{"rendered":""},"modified":"-0001-11-30T00:00:00","modified_gmt":"-0001-11-29T20:00:00","slug":"","status":"publish","type":"post","link":"https:\/\/ucnoqta.az\/?p=229807","title":{"rendered":"Ba\u015f prokuror T\u00fcrkiy\u0259d\u0259 s\u0259f\u0259rd\u0259 olub"},"content":{"rendered":"<p><strong>Sentyabr\u0131n 1-d\u0259 Az\u0259rbaycan Respublikas\u0131 Ba\u015f prokuroru Kamran \u018fliyevin r\u0259hb\u0259rlik etdiyi n&uuml;may\u0259nd\u0259 hey\u0259ti &quot;2025-2026 Yeni \u018fdliyy\u0259 \u0130li A&ccedil;\u0131l\u0131\u015f T\u0259dbiri&quot;nd\u0259 i\u015ftirak etm\u0259k &uuml;&ccedil;&uuml;n qarda\u015f T&uuml;rkiy\u0259 Respublikas\u0131n\u0131n Ankara \u015f\u0259h\u0259rin\u0259 i\u015fg&uuml;zar s\u0259f\u0259r edib.&nbsp;<\/strong><\/p>\n<p>Ucnoqta.az&nbsp;x\u0259b\u0259r verir ki, ilk &ouml;nc\u0259 n&uuml;may\u0259nd\u0259 hey\u0259ti Ankarada &uuml;mummilli lider Heyd\u0259r \u018fliyevin ad\u0131n\u0131 da\u015f\u0131yan park\u0131 ziyar\u0259t ed\u0259r\u0259k abid\u0259si &ouml;n&uuml;n\u0259 \u0259klil qoyub v\u0259 Ulu &Ouml;nd\u0259rin xatir\u0259sini d\u0259rin ehtiramla yad edib.<\/p>\n<p>R\u0259smi t\u0259dbird\u0259 T&uuml;rkiy\u0259 Respublikas\u0131n\u0131n vitse-prezidenti Cevdet Y\u0131lmaz, Ali M\u0259hk\u0259m\u0259nin s\u0259dri &Ouml;m\u0259r K\u0259rk\u0259z, Ba\u015f prokuror Muhsin \u015e\u0259nt&uuml;rk, \u018fdliyy\u0259 naziri Y\u0131lmaz Tun&ccedil;, h\u0259m&ccedil;inin &ccedil;oxsayl\u0131 hakim v\u0259 prokurorlar, el\u0259c\u0259 d\u0259 dig\u0259r xarici qonaqlar da i\u015ftirak edibl\u0259r.<\/p>\n<p>A&ccedil;\u0131l\u0131\u015f nitqi il\u0259 &ccedil;\u0131x\u0131\u015f ed\u0259n vitse-prezident Cevdet Y\u0131lmaz m\u0259hk\u0259m\u0259 v\u0259 prokurorluq orqanlar\u0131n\u0131n \u0259dal\u0259t m&uuml;hakim\u0259sinin t\u0259min edilm\u0259sind\u0259 x&uuml;susi rolunu vur\u011fulayaraq, yeni \u0259dliyy\u0259 ilinin ba\u015flanmas\u0131 m&uuml;nasib\u0259til\u0259 t\u0259dbir i\u015ftirak&ccedil;\u0131lar\u0131n\u0131 t\u0259brik edib. O, eyni zamanda, Az\u0259rbaycan Respublikas\u0131n\u0131n Ba\u015f prokuroru Kamran \u018fliyevi v\u0259 Ali M\u0259hk\u0259m\u0259nin s\u0259dri \u0130nam K\u0259rimovu salamlayaraq, T&uuml;rkiy\u0259 il\u0259 Az\u0259rbaycan aras\u0131nda qarda\u015fl\u0131q m&uuml;nasib\u0259tl\u0259rinin m&ouml;hk\u0259m t\u0259m\u0259ll\u0259r &uuml;z\u0259rind\u0259 quruldu\u011funu v\u0259 qar\u015f\u0131l\u0131ql\u0131 \u0259laq\u0259l\u0259rin daim inki\u015faf etdiyini diqq\u0259t\u0259 &ccedil;atd\u0131r\u0131b.<\/p>\n<p>Vitse-prezidenti Cevdet Y\u0131lmaz hey\u0259t r\u0259hb\u0259rl\u0259rini q\u0259bul ed\u0259r\u0259k, Az\u0259rbaycan v\u0259 T&uuml;rkiy\u0259 aras\u0131nda b&uuml;t&uuml;n sah\u0259l\u0259rd\u0259, x&uuml;susil\u0259 h&uuml;quq-m&uuml;hafiz\u0259 \u0259m\u0259kda\u015fl\u0131\u011f\u0131nda \u0259ld\u0259 olunan nailiyy\u0259tl\u0259rin davaml\u0131 xarakter da\u015f\u0131d\u0131\u011f\u0131n\u0131, d&ouml;vl\u0259t ba\u015f&ccedil;\u0131lar\u0131 c\u0259nab \u0130lham \u018fliyev v\u0259 c\u0259nab R\u0259c\u0259b Tayyib \u018frdo\u011fan\u0131n birg\u0259 siyasi irad\u0259si il\u0259 m&uuml;nasib\u0259tl\u0259rin \u0259n y&uuml;ks\u0259k &#8211; m&uuml;tt\u0259fiqlik s\u0259viyy\u0259sin\u0259 y&uuml;ks\u0259ldiyini qeyd edib.<\/p>\n<p>S\u0259f\u0259r &ccedil;\u0259r&ccedil;iv\u0259sind\u0259 Kamran \u018fliyev T&uuml;rkiy\u0259 Respublikas\u0131n\u0131n Ba\u015f prokuroru Muhsin \u015e\u0259nt&uuml;rk, Ali M\u0259hk\u0259m\u0259nin s\u0259dri &Ouml;m\u0259r K\u0259rk\u0259z, \u018fdliyy\u0259 naziri Y\u0131lmaz Tun&ccedil; v\u0259 ba\u015fqa xarici h\u0259mkarlar\u0131 il\u0259 g&ouml;r&uuml;\u015fl\u0259r ke&ccedil;irib.<\/p>\n<p>G&ouml;r&uuml;\u015fl\u0259rd\u0259 h&uuml;quqi \u0259m\u0259kda\u015fl\u0131\u011f\u0131n m&ouml;hk\u0259ml\u0259ndirilm\u0259si, t\u0259cr&uuml;b\u0259 m&uuml;badil\u0259sinin geni\u015fl\u0259ndirilm\u0259si, el\u0259c\u0259 d\u0259 qar\u015f\u0131l\u0131ql\u0131 maraq do\u011furan dig\u0259r m\u0259s\u0259l\u0259l\u0259r &uuml;zr\u0259 s\u0259m\u0259r\u0259li fikir m&uuml;badil\u0259si apar\u0131l\u0131b.<\/p>\n","protected":false},"excerpt":{"rendered":"<p>Sentyabr\u0131n 1-d\u0259 Az\u0259rbaycan Respublikas\u0131 Ba\u015f prokuroru Kamran \u018fliyevin r\u0259hb\u0259rlik etdiyi n&uuml;may\u0259nd\u0259 hey\u0259ti &quot;2025-2026 Yeni \u018fdliyy\u0259 \u0130li A&ccedil;\u0131l\u0131\u015f T\u0259dbiri&quot;nd\u0259 i\u015ftirak etm\u0259k &uuml;&ccedil;&uuml;n qarda\u015f T&uuml;rkiy\u0259 Respublikas\u0131n\u0131n Ankara \u015f\u0259h\u0259rin\u0259 i\u015fg&uuml;zar s\u0259f\u0259r edib.&nbsp; Ucnoqta.az&nbsp;x\u0259b\u0259r&hellip;<\/p>\n","protected":false},"author":1,"featured_media":251278,"comment_status":"open","ping_status":"open","sticky":false,"template":"","format":"standard","meta":{"_lmt_disableupdate":"","_lmt_disable":"","footnotes":""},"categories":[],"tags":[],"class_list":["post-229807","post","type-post","status-publish","format-standard","has-post-thumbnail","hentry"],"_links":{"self":[{"href":"https:\/\/ucnoqta.az\/index.php?rest_route=\/wp\/v2\/posts\/229807","targetHints":{"allow":["GET"]}}],"collection":[{"href":"https:\/\/ucnoqta.az\/index.php?rest_route=\/wp\/v2\/posts"}],"about":[{"href":"https:\/\/ucnoqta.az\/index.php?rest_route=\/wp\/v2\/types\/post"}],"author":[{"embeddable":true,"href":"https:\/\/ucnoqta.az\/index.php?rest_route=\/wp\/v2\/users\/1"}],"replies":[{"embeddable":true,"href":"https:\/\/ucnoqta.az\/index.php?rest_route=%2Fwp%2Fv2%2Fcomments&post=229807"}],"version-history":[{"count":0,"href":"https:\/\/ucnoqta.az\/index.php?rest_route=\/wp\/v2\/posts\/229807\/revisions"}],"wp:featuredmedia":[{"embeddable":true,"href":"https:\/\/ucnoqta.az\/index.php?rest_route=\/wp\/v2\/media\/251278"}],"wp:attachment":[{"href":"https:\/\/ucnoqta.az\/index.php?rest_route=%2Fwp%2Fv2%2Fmedia&parent=229807"}],"wp:term":[{"taxonomy":"category","embeddable":true,"href":"https:\/\/ucnoqta.az\/index.php?rest_route=%2Fwp%2Fv2%2Fcategories&post=229807"},{"taxonomy":"post_tag","embeddable":true,"href":"https:\/\/ucnoqta.az\/index.php?rest_route=%2Fwp%2Fv2%2Ftags&post=229807"}],"curies":[{"name":"wp","href":"https:\/\/api.w.org\/{rel}","templated":true}]}}