{"id":229801,"date":"2025-09-02T11:35:04","date_gmt":"2025-09-02T07:35:04","guid":{"rendered":""},"modified":"-0001-11-30T00:00:00","modified_gmt":"-0001-11-29T20:00:00","slug":"","status":"publish","type":"post","link":"https:\/\/ucnoqta.az\/?p=229801","title":{"rendered":"Xank\u0259ndid\u0259 bu bina s\u00f6k\u00fcl\u00fcr"},"content":{"rendered":"<p><strong>Sentyabr\u0131n 2-si Xank\u0259ndid\u0259 uzun m&uuml;dd\u0259t qondarma rejimin \u0259sas simvolu v\u0259 atributu kimi t\u0259qdim edil\u0259n &ldquo;Xarici \u0130\u015fl\u0259r Nazirliyi&rdquo;nin binas\u0131n\u0131n s&ouml;k&uuml;nt&uuml;s&uuml;n\u0259 ba\u015flan\u0131l\u0131b.<\/strong><\/p>\n<p>Ucnoqta.az AZ\u018fRTAC-a istinad\u0259n x\u0259b\u0259r verir ki, binan\u0131n s&ouml;k&uuml;nt&uuml; i\u015fl\u0259rin\u0259 m\u0259hz bu g&uuml;n ba\u015flan\u0131lmas\u0131 Az\u0259rbaycan &uuml;&ccedil;&uuml;n r\u0259mzi m\u0259na da\u015f\u0131y\u0131r. &Ccedil;&uuml;nki m\u0259hz sentyabr\u0131n 2-si tarixi Az\u0259rbaycan\u0131n i\u015f\u011fal olunmu\u015f \u0259razil\u0259rind\u0259 qondarma rejimin elan olunmas\u0131n\u0131n ild&ouml;n&uuml;m&uuml; kimi qeyd edilirdi.<\/p>\n<p>Qeyd ed\u0259k ki, vaxtil\u0259 i\u015f\u011fal olunmu\u015f \u0259razil\u0259r\u0259 s\u0259f\u0259r ed\u0259n xarici erm\u0259nip\u0259r\u0259st siyas\u0259t&ccedil;il\u0259rl\u0259 bu binada g&ouml;r&uuml;\u015fl\u0259r ke&ccedil;irilir, bu \u0259razil\u0259r\u0259 giri\u015f &uuml;&ccedil;&uuml;n qanunsuz olaraq vizalar, xarici jurnalistl\u0259rin qanunsuz akkreditasiyalar\u0131 imzalan\u0131rd\u0131. B&uuml;t&uuml;n bunlar Az\u0259rbaycan\u0131n d&ouml;vl\u0259t suverenliyin\u0259 h&ouml;rm\u0259tsizlik idi.<\/p>\n<p>H\u0259tta bu g&uuml;n h\u0259rbi cinay\u0259tl\u0259rd\u0259 ittiham olunan v\u0259 haz\u0131rda Bak\u0131da m\u0259hk\u0259m\u0259si ke&ccedil;iril\u0259n Babayan v\u0259 dig\u0259rl\u0259ri bu binada oturaraq Qaraba\u011fda Az\u0259rbaycan bayra\u011f\u0131n\u0131n yaln\u0131z bir halda dal\u011falana bil\u0259c\u0259yini, bunun da m\u0259hz s\u0259firliyin a&ccedil;\u0131lmas\u0131 ola bil\u0259c\u0259yini bildirirdil\u0259r.<\/p>\n<p>Ona g&ouml;r\u0259 d\u0259 bu binan\u0131n s&ouml;k&uuml;lm\u0259sin\u0259 m\u0259hz sentyabr\u0131n 2-d\u0259 ba\u015flan\u0131lmas\u0131n\u0131n b&ouml;y&uuml;k siyasi v\u0259 r\u0259mzi m\u0259nas\u0131 var.<\/p>\n<p>Bu binan\u0131n s&ouml;k&uuml;lm\u0259si yaln\u0131z r\u0259mzi m\u0259na da\u015f\u0131m\u0131r, bu h\u0259m d\u0259 \u015f\u0259h\u0259rsalma bax\u0131m\u0131ndan \u0259h\u0259miyy\u0259tlidir. &Ccedil;&uuml;nki tamamil\u0259 y&ouml;nd\u0259msiz v\u0259 \u015f\u0259h\u0259r arxitekturas\u0131na zidd olan bu binan\u0131n Xank\u0259ndid\u0259 m&uuml;asir urban planla\u015fd\u0131rmas\u0131n\u0131n b&uuml;t&uuml;n parametrl\u0259ri n\u0259z\u0259r\u0259 al\u0131nmaqla h\u0259yata ke&ccedil;iril\u0259n \u015f\u0259h\u0259rsalma siyas\u0259ti v\u0259 \u015f\u0259h\u0259rin g&ouml;z\u0259ll\u0259\u015fm\u0259si prosesi &ccedil;\u0259r&ccedil;iv\u0259sind\u0259 s&ouml;k&uuml;lm\u0259sin\u0259 ciddi z\u0259rur\u0259t yaranm\u0131\u015fd\u0131.<\/p>\n","protected":false},"excerpt":{"rendered":"<p>Sentyabr\u0131n 2-si Xank\u0259ndid\u0259 uzun m&uuml;dd\u0259t qondarma rejimin \u0259sas simvolu v\u0259 atributu kimi t\u0259qdim edil\u0259n &ldquo;Xarici \u0130\u015fl\u0259r Nazirliyi&rdquo;nin binas\u0131n\u0131n s&ouml;k&uuml;nt&uuml;s&uuml;n\u0259 ba\u015flan\u0131l\u0131b. Ucnoqta.az AZ\u018fRTAC-a istinad\u0259n x\u0259b\u0259r verir ki, binan\u0131n s&ouml;k&uuml;nt&uuml; i\u015fl\u0259rin\u0259 m\u0259hz&hellip;<\/p>\n","protected":false},"author":1,"featured_media":251278,"comment_status":"open","ping_status":"open","sticky":false,"template":"","format":"standard","meta":{"_lmt_disableupdate":"","_lmt_disable":"","footnotes":""},"categories":[101],"tags":[],"class_list":["post-229801","post","type-post","status-publish","format-standard","has-post-thumbnail","hentry","category-cemiyyet"],"_links":{"self":[{"href":"https:\/\/ucnoqta.az\/index.php?rest_route=\/wp\/v2\/posts\/229801","targetHints":{"allow":["GET"]}}],"collection":[{"href":"https:\/\/ucnoqta.az\/index.php?rest_route=\/wp\/v2\/posts"}],"about":[{"href":"https:\/\/ucnoqta.az\/index.php?rest_route=\/wp\/v2\/types\/post"}],"author":[{"embeddable":true,"href":"https:\/\/ucnoqta.az\/index.php?rest_route=\/wp\/v2\/users\/1"}],"replies":[{"embeddable":true,"href":"https:\/\/ucnoqta.az\/index.php?rest_route=%2Fwp%2Fv2%2Fcomments&post=229801"}],"version-history":[{"count":0,"href":"https:\/\/ucnoqta.az\/index.php?rest_route=\/wp\/v2\/posts\/229801\/revisions"}],"wp:featuredmedia":[{"embeddable":true,"href":"https:\/\/ucnoqta.az\/index.php?rest_route=\/wp\/v2\/media\/251278"}],"wp:attachment":[{"href":"https:\/\/ucnoqta.az\/index.php?rest_route=%2Fwp%2Fv2%2Fmedia&parent=229801"}],"wp:term":[{"taxonomy":"category","embeddable":true,"href":"https:\/\/ucnoqta.az\/index.php?rest_route=%2Fwp%2Fv2%2Fcategories&post=229801"},{"taxonomy":"post_tag","embeddable":true,"href":"https:\/\/ucnoqta.az\/index.php?rest_route=%2Fwp%2Fv2%2Ftags&post=229801"}],"curies":[{"name":"wp","href":"https:\/\/api.w.org\/{rel}","templated":true}]}}