{"id":229800,"date":"2025-09-02T11:32:20","date_gmt":"2025-09-02T07:32:20","guid":{"rendered":""},"modified":"-0001-11-30T00:00:00","modified_gmt":"-0001-11-29T20:00:00","slug":"","status":"publish","type":"post","link":"https:\/\/ucnoqta.az\/?p=229800","title":{"rendered":"\u0130lham \u018fliyev \u201cPowerchina group\u201d \u015firk\u0259tl\u0259r qrupunun vitse-prezidenti il\u0259 g\u00f6r\u00fc\u015fd\u00fc"},"content":{"rendered":"<p><strong>Az\u0259rbaycan Respublikas\u0131n\u0131n Prezidenti \u0130lham \u018fliyev sentyabr\u0131n 2-d\u0259 &Ccedil;inin Tiencin \u015f\u0259h\u0259rind\u0259 &ldquo;Powerchina group&rdquo; \u015firk\u0259tl\u0259r qrupunun icra&ccedil;\u0131 vitse-prezidenti X\u0131 Y\u0131nfen il\u0259 g&ouml;r&uuml;\u015f&uuml;b.<\/strong><\/p>\n<p>Ucnoqta.az x\u0259b\u0259r verir ki, g&ouml;r&uuml;\u015fd\u0259 \u015firk\u0259tin &ouml;lk\u0259mizd\u0259 u\u011furla f\u0259aliyy\u0259t g&ouml;st\u0259rdiyi qeyd olunub.<\/p>\n<p>Ya\u015f\u0131l enerji, \u0259traf m&uuml;hitin m&uuml;hafiz\u0259si, su resurslar\u0131n\u0131n idar\u0259olunmas\u0131, &ccedil;irkab sular\u0131n t\u0259mizl\u0259nm\u0259si, elektroenergetika v\u0259 ya\u015f\u0131l hidrogen layih\u0259l\u0259ri, tikinti, avadanl\u0131q istehsal\u0131 sah\u0259l\u0259rind\u0259 \u0259m\u0259kda\u015fl\u0131q m\u0259s\u0259l\u0259l\u0259ri m&uuml;zakir\u0259 edilib.<\/p>\n<p>Eyni zamanda, G&uuml;n\u0259\u015f v\u0259 k&uuml;l\u0259k elektrik stansiyalar\u0131n\u0131n in\u015fas\u0131, &ldquo;a\u011f\u0131ll\u0131 enerji sisteml\u0259ri&rdquo;nin inteqrasiyas\u0131 v\u0259 yerli m&uuml;t\u0259x\u0259ssisl\u0259rin haz\u0131rlanmas\u0131 &uuml;zr\u0259 \u0259m\u0259kda\u015fl\u0131qla ba\u011fl\u0131 perspektivl\u0259r\u0259 dair fikir m&uuml;badil\u0259si apar\u0131l\u0131b.<\/p>\n","protected":false},"excerpt":{"rendered":"<p>Az\u0259rbaycan Respublikas\u0131n\u0131n Prezidenti \u0130lham \u018fliyev sentyabr\u0131n 2-d\u0259 &Ccedil;inin Tiencin \u015f\u0259h\u0259rind\u0259 &ldquo;Powerchina group&rdquo; \u015firk\u0259tl\u0259r qrupunun icra&ccedil;\u0131 vitse-prezidenti X\u0131 Y\u0131nfen il\u0259 g&ouml;r&uuml;\u015f&uuml;b. Ucnoqta.az x\u0259b\u0259r verir ki, g&ouml;r&uuml;\u015fd\u0259 \u015firk\u0259tin &ouml;lk\u0259mizd\u0259 u\u011furla f\u0259aliyy\u0259t g&ouml;st\u0259rdiyi&hellip;<\/p>\n","protected":false},"author":1,"featured_media":251278,"comment_status":"open","ping_status":"open","sticky":false,"template":"","format":"standard","meta":{"_lmt_disableupdate":"","_lmt_disable":"","footnotes":""},"categories":[],"tags":[],"class_list":["post-229800","post","type-post","status-publish","format-standard","has-post-thumbnail","hentry"],"_links":{"self":[{"href":"https:\/\/ucnoqta.az\/index.php?rest_route=\/wp\/v2\/posts\/229800","targetHints":{"allow":["GET"]}}],"collection":[{"href":"https:\/\/ucnoqta.az\/index.php?rest_route=\/wp\/v2\/posts"}],"about":[{"href":"https:\/\/ucnoqta.az\/index.php?rest_route=\/wp\/v2\/types\/post"}],"author":[{"embeddable":true,"href":"https:\/\/ucnoqta.az\/index.php?rest_route=\/wp\/v2\/users\/1"}],"replies":[{"embeddable":true,"href":"https:\/\/ucnoqta.az\/index.php?rest_route=%2Fwp%2Fv2%2Fcomments&post=229800"}],"version-history":[{"count":0,"href":"https:\/\/ucnoqta.az\/index.php?rest_route=\/wp\/v2\/posts\/229800\/revisions"}],"wp:featuredmedia":[{"embeddable":true,"href":"https:\/\/ucnoqta.az\/index.php?rest_route=\/wp\/v2\/media\/251278"}],"wp:attachment":[{"href":"https:\/\/ucnoqta.az\/index.php?rest_route=%2Fwp%2Fv2%2Fmedia&parent=229800"}],"wp:term":[{"taxonomy":"category","embeddable":true,"href":"https:\/\/ucnoqta.az\/index.php?rest_route=%2Fwp%2Fv2%2Fcategories&post=229800"},{"taxonomy":"post_tag","embeddable":true,"href":"https:\/\/ucnoqta.az\/index.php?rest_route=%2Fwp%2Fv2%2Ftags&post=229800"}],"curies":[{"name":"wp","href":"https:\/\/api.w.org\/{rel}","templated":true}]}}