{"id":229797,"date":"2025-09-02T11:00:49","date_gmt":"2025-09-02T07:00:49","guid":{"rendered":""},"modified":"-0001-11-30T00:00:00","modified_gmt":"-0001-11-29T20:00:00","slug":"","status":"publish","type":"post","link":"https:\/\/ucnoqta.az\/?p=229797","title":{"rendered":"X\u0259z\u0259rd\u0259 limanlara g\u0259mil\u0259rin q\u0259bulu \u00e7\u0259tinl\u0259\u015fir &#8211;"},"content":{"rendered":"<p>X\u0259z\u0259r d\u0259nizind\u0259 suyun azalmas\u0131 s\u0259b\u0259bind\u0259n limanlara g\u0259mil\u0259rin q\u0259bulu &ccedil;\u0259tinl\u0259\u015fir.&nbsp;<\/p>\n<p>&quot;Report&quot; x\u0259b\u0259r verir ki, bunu Az\u0259rbaycan Prezidentinin iqlim m\u0259s\u0259l\u0259l\u0259ri &uuml;zr\u0259 n&uuml;may\u0259nd\u0259si Muxtar Babayev BMT-nin \u0130qlim D\u0259yi\u015fm\u0259l\u0259ri &uuml;zr\u0259 G\u0259ncl\u0259rin Lokal Konfrans\u0131 &quot;LCOY Az\u0259rbaycan 2025&quot;in ba\u011flan\u0131\u015f m\u0259rasimind\u0259 deyib.<\/p>\n<p>Onun s&ouml;zl\u0259rin\u0259 g&ouml;r\u0259, h&ouml;vz\u0259d\u0259 suyun azalma prosesi davam edir:&nbsp; &nbsp;<\/p>\n<p>&quot;Proqnozlara g&ouml;r\u0259, bu proses h\u0259l\u0259 davam ed\u0259c\u0259k. Bu s\u0259b\u0259bd\u0259n limanlar da dayazla\u015f\u0131r v\u0259 g\u0259mil\u0259rin q\u0259bul olunmas\u0131, y&uuml;kl\u0259rin bo\u015fald\u0131lmas\u0131 v\u0259 s. m\u0259s\u0259l\u0259l\u0259rd\u0259 probleml\u0259r ya\u015fan\u0131r. Bununla yana\u015f\u0131, su s\u0259viyy\u0259sinin azalmas\u0131 biom&uuml;xt\u0259lifliy\u0259, m&uuml;xt\u0259lif canl\u0131lar\u0131n m\u0259hv olmas\u0131na, adalar\u0131n yaranmas\u0131na da s\u0259b\u0259b olur. Eni zamanda, haz\u0131rda d\u0259nizd\u0259 apar\u0131lan neft-qaz \u0259m\u0259liyyatlar\u0131 da risk alt\u0131ndad\u0131r&quot;.<\/p>\n<p>M.Babayev h\u0259m&ccedil;inin bildirib ki, son 20 ild\u0259 d&uuml;nyada buzlaqlar\u0131n t\u0259xmin\u0259 7 faizi m\u0259hv olub:<\/p>\n<p>&quot;Bu proses d\u0259 davam etm\u0259kd\u0259dir. X&uuml;susil\u0259 d\u0259 B&ouml;y&uuml;k Qafqazda ciddi \u0259rim\u0259 prosesi gedir. Bunlar birba\u015fa X\u0259z\u0259r d\u0259nizin\u0259 d\u0259 t\u0259sir ed\u0259n prosesl\u0259rdir&quot;.&nbsp;<\/p>\n","protected":false},"excerpt":{"rendered":"<p>X\u0259z\u0259r d\u0259nizind\u0259 suyun azalmas\u0131 s\u0259b\u0259bind\u0259n limanlara g\u0259mil\u0259rin q\u0259bulu &ccedil;\u0259tinl\u0259\u015fir.&nbsp; &quot;Report&quot; x\u0259b\u0259r verir ki, bunu Az\u0259rbaycan Prezidentinin iqlim m\u0259s\u0259l\u0259l\u0259ri &uuml;zr\u0259 n&uuml;may\u0259nd\u0259si Muxtar Babayev BMT-nin \u0130qlim D\u0259yi\u015fm\u0259l\u0259ri &uuml;zr\u0259 G\u0259ncl\u0259rin Lokal Konfrans\u0131 &quot;LCOY&hellip;<\/p>\n","protected":false},"author":1,"featured_media":251278,"comment_status":"open","ping_status":"open","sticky":false,"template":"","format":"standard","meta":{"_lmt_disableupdate":"","_lmt_disable":"","footnotes":""},"categories":[],"tags":[],"class_list":["post-229797","post","type-post","status-publish","format-standard","has-post-thumbnail","hentry"],"_links":{"self":[{"href":"https:\/\/ucnoqta.az\/index.php?rest_route=\/wp\/v2\/posts\/229797","targetHints":{"allow":["GET"]}}],"collection":[{"href":"https:\/\/ucnoqta.az\/index.php?rest_route=\/wp\/v2\/posts"}],"about":[{"href":"https:\/\/ucnoqta.az\/index.php?rest_route=\/wp\/v2\/types\/post"}],"author":[{"embeddable":true,"href":"https:\/\/ucnoqta.az\/index.php?rest_route=\/wp\/v2\/users\/1"}],"replies":[{"embeddable":true,"href":"https:\/\/ucnoqta.az\/index.php?rest_route=%2Fwp%2Fv2%2Fcomments&post=229797"}],"version-history":[{"count":0,"href":"https:\/\/ucnoqta.az\/index.php?rest_route=\/wp\/v2\/posts\/229797\/revisions"}],"wp:featuredmedia":[{"embeddable":true,"href":"https:\/\/ucnoqta.az\/index.php?rest_route=\/wp\/v2\/media\/251278"}],"wp:attachment":[{"href":"https:\/\/ucnoqta.az\/index.php?rest_route=%2Fwp%2Fv2%2Fmedia&parent=229797"}],"wp:term":[{"taxonomy":"category","embeddable":true,"href":"https:\/\/ucnoqta.az\/index.php?rest_route=%2Fwp%2Fv2%2Fcategories&post=229797"},{"taxonomy":"post_tag","embeddable":true,"href":"https:\/\/ucnoqta.az\/index.php?rest_route=%2Fwp%2Fv2%2Ftags&post=229797"}],"curies":[{"name":"wp","href":"https:\/\/api.w.org\/{rel}","templated":true}]}}