{"id":229790,"date":"2025-09-02T09:38:59","date_gmt":"2025-09-02T05:38:59","guid":{"rendered":""},"modified":"-0001-11-30T00:00:00","modified_gmt":"-0001-11-29T20:00:00","slug":"","status":"publish","type":"post","link":"https:\/\/ucnoqta.az\/?p=229790","title":{"rendered":"Juninyo yenid\u0259n &#8220;Qaraba\u011f&#8221;da"},"content":{"rendered":"<p><strong>UEFA &Ccedil;empionlar Liqas\u0131n\u0131n \u0259sas m\u0259rh\u0259l\u0259sind\u0259 i\u015ftirak etm\u0259k h&uuml;ququ qazanan &quot;Qaraba\u011f&quot; uzun &ccedil;\u0259k\u0259n h&uuml;cum&ccedil;u transferini bitirib.<\/strong><\/p>\n<p>Ucnoqta.az&nbsp;Sportinfo.az-a istinad\u0259n x\u0259b\u0259r verir ki, A\u011fdam klubu &quot;Flamenqo&quot;ya satd\u0131\u011f\u0131 Olavio Juninyonu geri qaytar\u0131b.<\/p>\n<p>M\u0259nb\u0259nin s&ouml;zl\u0259rin\u0259 g&ouml;r\u0259, t\u0259r\u0259fl\u0259r aras\u0131nda dan\u0131\u015f\u0131qlar m&uuml;sb\u0259t n\u0259tic\u0259 verib.<\/p>\n<p>29 ya\u015fl\u0131 forvard yenid\u0259n &quot;Qaraba\u011f&quot;\u0131n formas\u0131n\u0131 geyin\u0259c\u0259k.<\/p>\n<p>Onun ke&ccedil;idi h\u0259tta yax\u0131n saatlarda a&ccedil;\u0131qlana bil\u0259r.<\/p>\n<p>2023-c&uuml; ilin yay\u0131ndan &quot;k&ouml;hl\u0259n atlar&quot;\u0131n formas\u0131n\u0131 geyin\u0259n braziliyal\u0131 forvard meydana &ccedil;\u0131xd\u0131\u011f\u0131 81 oyunda 42 qol vurub.<\/p>\n<p>O, Premyer Liqada 48 (23 qol), &ouml;lk\u0259 kubokunda 6 (5 qol), avrokuboklarda 27 (14 qol) mat&ccedil; ke&ccedil;irib.<\/p>\n<p>Juninyo &quot;Qaraba\u011f&quot;la &ouml;lk\u0259 &ccedil;empionu v\u0259 kubokunun qalibi olub. H&uuml;cum&ccedil;u bu ilin yanvar ay\u0131nda &quot;Flamenqo&quot;ya be\u015f milyon avroya sat\u0131lm\u0131\u015fd\u0131.<\/p>\n","protected":false},"excerpt":{"rendered":"<p>UEFA &Ccedil;empionlar Liqas\u0131n\u0131n \u0259sas m\u0259rh\u0259l\u0259sind\u0259 i\u015ftirak etm\u0259k h&uuml;ququ qazanan &quot;Qaraba\u011f&quot; uzun &ccedil;\u0259k\u0259n h&uuml;cum&ccedil;u transferini bitirib. Ucnoqta.az&nbsp;Sportinfo.az-a istinad\u0259n x\u0259b\u0259r verir ki, A\u011fdam klubu &quot;Flamenqo&quot;ya satd\u0131\u011f\u0131 Olavio Juninyonu geri qaytar\u0131b. M\u0259nb\u0259nin s&ouml;zl\u0259rin\u0259&hellip;<\/p>\n","protected":false},"author":1,"featured_media":251278,"comment_status":"open","ping_status":"open","sticky":false,"template":"","format":"standard","meta":{"_lmt_disableupdate":"","_lmt_disable":"","footnotes":""},"categories":[90],"tags":[],"class_list":["post-229790","post","type-post","status-publish","format-standard","has-post-thumbnail","hentry","category-idman-butun-xeberler"],"_links":{"self":[{"href":"https:\/\/ucnoqta.az\/index.php?rest_route=\/wp\/v2\/posts\/229790","targetHints":{"allow":["GET"]}}],"collection":[{"href":"https:\/\/ucnoqta.az\/index.php?rest_route=\/wp\/v2\/posts"}],"about":[{"href":"https:\/\/ucnoqta.az\/index.php?rest_route=\/wp\/v2\/types\/post"}],"author":[{"embeddable":true,"href":"https:\/\/ucnoqta.az\/index.php?rest_route=\/wp\/v2\/users\/1"}],"replies":[{"embeddable":true,"href":"https:\/\/ucnoqta.az\/index.php?rest_route=%2Fwp%2Fv2%2Fcomments&post=229790"}],"version-history":[{"count":0,"href":"https:\/\/ucnoqta.az\/index.php?rest_route=\/wp\/v2\/posts\/229790\/revisions"}],"wp:featuredmedia":[{"embeddable":true,"href":"https:\/\/ucnoqta.az\/index.php?rest_route=\/wp\/v2\/media\/251278"}],"wp:attachment":[{"href":"https:\/\/ucnoqta.az\/index.php?rest_route=%2Fwp%2Fv2%2Fmedia&parent=229790"}],"wp:term":[{"taxonomy":"category","embeddable":true,"href":"https:\/\/ucnoqta.az\/index.php?rest_route=%2Fwp%2Fv2%2Fcategories&post=229790"},{"taxonomy":"post_tag","embeddable":true,"href":"https:\/\/ucnoqta.az\/index.php?rest_route=%2Fwp%2Fv2%2Ftags&post=229790"}],"curies":[{"name":"wp","href":"https:\/\/api.w.org\/{rel}","templated":true}]}}