{"id":227731,"date":"2025-07-23T11:51:22","date_gmt":"2025-07-23T07:51:22","guid":{"rendered":""},"modified":"-0001-11-30T00:00:00","modified_gmt":"-0001-11-29T20:00:00","slug":"","status":"publish","type":"post","link":"https:\/\/ucnoqta.az\/?p=227731","title":{"rendered":"Tramp yenid\u0259n \u201c\u0130rana z\u0259rb\u0259\u201d \u0259mri ver\u0259c\u0259kmi? &#8211;"},"content":{"rendered":"<p><strong>AB\u015e v\u0259 \u0130ran aras\u0131nda n&uuml;v\u0259 g\u0259rginliyi yenid\u0259n art\u0131b. \u0130ran uran\u0131n z\u0259nginl\u0259\u015fdirilm\u0259sind\u0259n \u0259l &ccedil;\u0259km\u0259y\u0259c\u0259yini a&ccedil;\u0131qlasa da, Donald Tramp yenid\u0259n z\u0259rb\u0259 endirm\u0259kl\u0259 h\u0259d\u0259l\u0259yib. \u0130ran b\u0259yan edib ki, f\u0259aliyy\u0259ti il\u0259 ba\u011fl\u0131 Beyn\u0259lxalq Atom Enerjisi Agentliyin\u0259 m\u0259lumat verilib.<\/strong><\/p>\n<p>Ucnoqta.az T&uuml;rkiy\u0259 m\u0259tbuat\u0131na istinad\u0259n x\u0259b\u0259r verir ki, \u0130srailin ba\u015f naziri Binyamin Netanyahu is\u0259 \u0130ran xalq\u0131n\u0131n rejimi devirm\u0259k ist\u0259diyini v\u0259 s&uuml;lh \u015fans\u0131n\u0131n olmad\u0131\u011f\u0131n\u0131 m&uuml;dafi\u0259 edib. Xarici siyas\u0259t analitiki Erhan Y\u0131ld\u0131r\u0131m prosesin \u0259sas m\u0259qs\u0259dinin rejim d\u0259yi\u015fikliyi oldu\u011funu v\u0259 \u0130srailin bu m\u0259qs\u0259d\u0259 &ccedil;atmaq &uuml;&ccedil;&uuml;n AB\u015e v\u0259 Avropan\u0131 f\u0259al \u015f\u0259kild\u0259 lobbi&ccedil;ilik etdiyini bildirib.<\/p>\n<p>AB\u015e v\u0259 \u0130ran aras\u0131nda n&uuml;v\u0259 g\u0259rginliyi yenid\u0259n art\u0131b.<br \/>\n\u0130ran uran\u0131n z\u0259nginl\u0259\u015fdirilm\u0259si f\u0259aliyy\u0259tind\u0259n \u0259l &ccedil;\u0259km\u0259y\u0259c\u0259yini a&ccedil;\u0131qlasa da, AB\u015e prezidenti Donald Tramp yenid\u0259n t\u0259hdid dolu b\u0259yanatlar verib. Tramp n&ouml;vb\u0259ti d\u0259f\u0259 \u0130rana qar\u015f\u0131 &ldquo;z\u0259rb\u0259&rdquo; ifad\u0259sini i\u015fl\u0259dib.<br \/>\n\u0130ran xarici i\u015fl\u0259r nazirinin m&uuml;avini Abbas \u018frak&ccedil;i, &quot;Z\u0259r\u0259r ciddi v\u0259 a\u011f\u0131r oldu\u011fu &uuml;&ccedil;&uuml;n uran\u0131n z\u0259nginl\u0259\u015fdirilm\u0259si haz\u0131rda dayan\u0131b. Lakin bu f\u0259aliyy\u0259tl\u0259rd\u0259n tamamil\u0259 imtina etm\u0259mi\u015fik&quot; deyib. \u0130srailin ba\u015f naziri Binyamin Netanyahu is\u0259 \u0130randak\u0131 m&ouml;vcud rejiml\u0259 s&uuml;lh&uuml;n m&uuml;mk&uuml;n olmad\u0131\u011f\u0131n\u0131 m&uuml;dafi\u0259 edib.<\/p>\n<p>&ldquo;\u0130ran xalq\u0131 rejimi devirm\u0259k ist\u0259yir&rdquo; dey\u0259n Netanyahu amerikal\u0131lara m&uuml;raci\u0259t ed\u0259r\u0259k, &ldquo;\u0130sraili d\u0259st\u0259kl\u0259m\u0259y\u0259n amerikal\u0131lar \u0259slind\u0259 AB\u015e-\u0131 d\u0259st\u0259kl\u0259mirl\u0259r&rdquo; dedi.<\/p>\n<p>&ldquo;M\u0259qs\u0259d g&uuml;c n&uuml;mayi\u015fi deyil, rejimin d\u0259yi\u015fdirilm\u0259sidir&rdquo;<\/p>\n<p>Xarici siyas\u0259t analitiki Erhan Y\u0131ld\u0131r\u0131m prosesi bu s&ouml;zl\u0259rl\u0259 qiym\u0259tl\u0259ndirib:<\/p>\n<p>&quot;Tramp \u0259slind\u0259 h\u0259m \u0130rana, h\u0259m d\u0259 \u0130srail\u0259 a&ccedil;\u0131q h\u0259d\u0259fl\u0259r t\u0259qdim ed\u0259r\u0259k tarazl\u0131\u011f\u0131 saxlama\u011fa &ccedil;al\u0131\u015fd\u0131. Lakin sonradan o, h\u0259r iki t\u0259r\u0259fi s\u0259rt ifad\u0259l\u0259rl\u0259 t\u0259nqid etdi. Biz ilk d\u0259f\u0259dir ki, Tramp\u0131n bel\u0259 s\u0259rt ifad\u0259sinin \u015fahidi oluruq&quot;.<br \/>\nY\u0131ld\u0131r\u0131m, \u0130ran\u0131n n&uuml;v\u0259 f\u0259aliyy\u0259tl\u0259rinin gizli olmad\u0131\u011f\u0131n\u0131 vur\u011fulayaraq, &quot;Uran z\u0259nginl\u0259\u015fdirm\u0259 prosesi Beyn\u0259lxalq Atom Enerjisi Agentliyin\u0259 bildirildi. H&uuml;cumdan \u0259vv\u0259l h\u0259m \u0130srail\u0259, h\u0259m d\u0259 \u0130randak\u0131 b&uuml;t&uuml;n r\u0259smil\u0259r\u0259 s\u0259n\u0259dl\u0259\u015fdirildi v\u0259 a&ccedil;\u0131qland\u0131&quot; dedi.<\/p>\n","protected":false},"excerpt":{"rendered":"<p>AB\u015e v\u0259 \u0130ran aras\u0131nda n&uuml;v\u0259 g\u0259rginliyi yenid\u0259n art\u0131b. \u0130ran uran\u0131n z\u0259nginl\u0259\u015fdirilm\u0259sind\u0259n \u0259l &ccedil;\u0259km\u0259y\u0259c\u0259yini a&ccedil;\u0131qlasa da, Donald Tramp yenid\u0259n z\u0259rb\u0259 endirm\u0259kl\u0259 h\u0259d\u0259l\u0259yib. \u0130ran b\u0259yan edib ki, f\u0259aliyy\u0259ti il\u0259 ba\u011fl\u0131 Beyn\u0259lxalq Atom&hellip;<\/p>\n","protected":false},"author":1,"featured_media":251278,"comment_status":"open","ping_status":"open","sticky":false,"template":"","format":"standard","meta":{"_lmt_disableupdate":"","_lmt_disable":"","footnotes":""},"categories":[89],"tags":[],"class_list":["post-227731","post","type-post","status-publish","format-standard","has-post-thumbnail","hentry","category-dunya-butun-xeberler"],"_links":{"self":[{"href":"https:\/\/ucnoqta.az\/index.php?rest_route=\/wp\/v2\/posts\/227731","targetHints":{"allow":["GET"]}}],"collection":[{"href":"https:\/\/ucnoqta.az\/index.php?rest_route=\/wp\/v2\/posts"}],"about":[{"href":"https:\/\/ucnoqta.az\/index.php?rest_route=\/wp\/v2\/types\/post"}],"author":[{"embeddable":true,"href":"https:\/\/ucnoqta.az\/index.php?rest_route=\/wp\/v2\/users\/1"}],"replies":[{"embeddable":true,"href":"https:\/\/ucnoqta.az\/index.php?rest_route=%2Fwp%2Fv2%2Fcomments&post=227731"}],"version-history":[{"count":0,"href":"https:\/\/ucnoqta.az\/index.php?rest_route=\/wp\/v2\/posts\/227731\/revisions"}],"wp:featuredmedia":[{"embeddable":true,"href":"https:\/\/ucnoqta.az\/index.php?rest_route=\/wp\/v2\/media\/251278"}],"wp:attachment":[{"href":"https:\/\/ucnoqta.az\/index.php?rest_route=%2Fwp%2Fv2%2Fmedia&parent=227731"}],"wp:term":[{"taxonomy":"category","embeddable":true,"href":"https:\/\/ucnoqta.az\/index.php?rest_route=%2Fwp%2Fv2%2Fcategories&post=227731"},{"taxonomy":"post_tag","embeddable":true,"href":"https:\/\/ucnoqta.az\/index.php?rest_route=%2Fwp%2Fv2%2Ftags&post=227731"}],"curies":[{"name":"wp","href":"https:\/\/api.w.org\/{rel}","templated":true}]}}