{"id":227728,"date":"2025-07-23T11:18:23","date_gmt":"2025-07-23T07:18:23","guid":{"rendered":""},"modified":"-0001-11-30T00:00:00","modified_gmt":"-0001-11-29T20:00:00","slug":"","status":"publish","type":"post","link":"https:\/\/ucnoqta.az\/?p=227728","title":{"rendered":"Yaponiyan\u0131n ba\u015f naziri istefas\u0131 il\u0259 ba\u011fl\u0131 x\u0259b\u0259rl\u0259ri t\u0259kzib edib"},"content":{"rendered":"<p><strong>Yaponiyan\u0131n ba\u015f naziri \u015eiqeru \u0130\u015fiba b\u0259zi Yaponiya m\u0259tbuat\u0131nda onun r\u0259hb\u0259rlik etdiyi Liberal Demokrat Partiyas\u0131n\u0131n (LDP) yuxar\u0131 palata se&ccedil;kil\u0259rind\u0259 uduzduqdan sonra istefa verm\u0259yi planla\u015fd\u0131rd\u0131\u011f\u0131na dair x\u0259b\u0259rl\u0259ri t\u0259kzib edib.<\/strong><\/p>\n<p>Ucnoqta.az x\u0259b\u0259r verir ki, o,&nbsp; jurnalistl\u0259r\u0259 median\u0131n x\u0259b\u0259rl\u0259ri il\u0259 ba\u011fl\u0131 sual\u0131 cavabland\u0131rark\u0259n deyib.<\/p>\n<p>&ldquo;Ke&ccedil;mi\u015f ba\u015f nazirl\u0259r&nbsp;il\u0259 g&ouml;r&uuml;\u015fd\u0259&nbsp;qal\u0131b-qalmama\u011f\u0131mla ba\u011fl\u0131 he&ccedil; bir m&uuml;zakir\u0259 olmay\u0131b. B\u0259zi K\u0130V-l\u0259r bu haqda m\u0259lumat yay\u0131blar, amma m\u0259n he&ccedil; vaxt bel\u0259 a&ccedil;\u0131qlama verm\u0259mi\u015f\u0259m. Bu x\u0259b\u0259rl\u0259r h\u0259qiq\u0259t\u0259 uy\u011fun deyil&rdquo;, &#8211; Ba\u015f nazir qeyd edib.<\/p>\n","protected":false},"excerpt":{"rendered":"<p>Yaponiyan\u0131n ba\u015f naziri \u015eiqeru \u0130\u015fiba b\u0259zi Yaponiya m\u0259tbuat\u0131nda onun r\u0259hb\u0259rlik etdiyi Liberal Demokrat Partiyas\u0131n\u0131n (LDP) yuxar\u0131 palata se&ccedil;kil\u0259rind\u0259 uduzduqdan sonra istefa verm\u0259yi planla\u015fd\u0131rd\u0131\u011f\u0131na dair x\u0259b\u0259rl\u0259ri t\u0259kzib edib. Ucnoqta.az x\u0259b\u0259r verir&hellip;<\/p>\n","protected":false},"author":1,"featured_media":251278,"comment_status":"open","ping_status":"open","sticky":false,"template":"","format":"standard","meta":{"_lmt_disableupdate":"","_lmt_disable":"","footnotes":""},"categories":[89],"tags":[],"class_list":["post-227728","post","type-post","status-publish","format-standard","has-post-thumbnail","hentry","category-dunya-butun-xeberler"],"_links":{"self":[{"href":"https:\/\/ucnoqta.az\/index.php?rest_route=\/wp\/v2\/posts\/227728","targetHints":{"allow":["GET"]}}],"collection":[{"href":"https:\/\/ucnoqta.az\/index.php?rest_route=\/wp\/v2\/posts"}],"about":[{"href":"https:\/\/ucnoqta.az\/index.php?rest_route=\/wp\/v2\/types\/post"}],"author":[{"embeddable":true,"href":"https:\/\/ucnoqta.az\/index.php?rest_route=\/wp\/v2\/users\/1"}],"replies":[{"embeddable":true,"href":"https:\/\/ucnoqta.az\/index.php?rest_route=%2Fwp%2Fv2%2Fcomments&post=227728"}],"version-history":[{"count":0,"href":"https:\/\/ucnoqta.az\/index.php?rest_route=\/wp\/v2\/posts\/227728\/revisions"}],"wp:featuredmedia":[{"embeddable":true,"href":"https:\/\/ucnoqta.az\/index.php?rest_route=\/wp\/v2\/media\/251278"}],"wp:attachment":[{"href":"https:\/\/ucnoqta.az\/index.php?rest_route=%2Fwp%2Fv2%2Fmedia&parent=227728"}],"wp:term":[{"taxonomy":"category","embeddable":true,"href":"https:\/\/ucnoqta.az\/index.php?rest_route=%2Fwp%2Fv2%2Fcategories&post=227728"},{"taxonomy":"post_tag","embeddable":true,"href":"https:\/\/ucnoqta.az\/index.php?rest_route=%2Fwp%2Fv2%2Ftags&post=227728"}],"curies":[{"name":"wp","href":"https:\/\/api.w.org\/{rel}","templated":true}]}}