{"id":227727,"date":"2025-07-23T11:15:39","date_gmt":"2025-07-23T07:15:39","guid":{"rendered":""},"modified":"-0001-11-30T00:00:00","modified_gmt":"-0001-11-29T20:00:00","slug":"","status":"publish","type":"post","link":"https:\/\/ucnoqta.az\/?p=227727","title":{"rendered":"\u0130lham \u018fliyev Misir Prezidentini\u00a0t\u0259brik etdi"},"content":{"rendered":"<p><strong>Az\u0259rbaycan Prezidenti \u0130lham \u018fliyev&nbsp;Misir \u018fr\u0259b Respublikas\u0131n\u0131n Prezidenti \u018fbd&uuml;lf\u0259ttah \u0259s-Sisiy\u0259&nbsp;t\u0259brik m\u0259ktubu g&ouml;nd\u0259rib.<\/strong><\/p>\n<p>Ucnoqta.az&nbsp;x\u0259b\u0259r verir ki, t\u0259brik m\u0259ktubunda deyilir:<\/p>\n<p>&ldquo;H&ouml;rm\u0259tli c\u0259nab Prezident,<\/p>\n<p>Misir \u018fr\u0259b Respublikas\u0131n\u0131n milli bayram\u0131 &ndash; \u0130nqilab G&uuml;n&uuml; m&uuml;nasib\u0259til\u0259 Siz\u0259 v\u0259 Sizin siman\u0131zda b&uuml;t&uuml;n xalq\u0131n\u0131za &ouml;z ad\u0131mdan v\u0259 Az\u0259rbaycan xalq\u0131 ad\u0131ndan \u0259n s\u0259mimi t\u0259brikl\u0259rimi v\u0259 xo\u015f arzular\u0131m\u0131 &ccedil;atd\u0131r\u0131ram.<\/p>\n<p>Az\u0259rbaycan il\u0259 Misir aras\u0131nda \u0259laq\u0259l\u0259rin inki\u015faf dinamikas\u0131 m\u0259mnunluq do\u011furur. H\u0259yata ke&ccedil;iril\u0259n y&uuml;ks\u0259ks\u0259viyy\u0259li qar\u015f\u0131l\u0131ql\u0131 s\u0259f\u0259rl\u0259r v\u0259 m&uuml;nt\u0259z\u0259m t\u0259maslar \u0259m\u0259kda\u015fl\u0131\u011f\u0131m\u0131z\u0131n yeni m\u0259zmunla z\u0259nginl\u0259\u015fm\u0259sind\u0259 \u0259h\u0259miyy\u0259tli rol oynay\u0131r.<\/p>\n<p>Bu g&uuml;n m&uuml;xt\u0259lif sah\u0259l\u0259rd\u0259 m&uuml;nasib\u0259tl\u0259rimizin d\u0259rinl\u0259\u015fdirilm\u0259si &uuml;&ccedil;&uuml;n b&ouml;y&uuml;k potensial m&ouml;vcuddur. \u0130nan\u0131ram ki, xalqlar\u0131m\u0131z\u0131n rifah\u0131 namin\u0259 bu imkanlardan yararlanaraq \u0259n\u0259n\u0259vi dostluq \u0259laq\u0259l\u0259rimizin, s\u0259m\u0259r\u0259li i\u015fbirliyimizin daha da geni\u015fl\u0259nm\u0259si yolunda bundan sonra da birg\u0259 s\u0259yl\u0259r g&ouml;st\u0259r\u0259c\u0259yik.<\/p>\n<p>Bel\u0259 bir \u0259lam\u0259tdar g&uuml;nd\u0259 Siz\u0259 m&ouml;hk\u0259m cansa\u011fl\u0131\u011f\u0131, xo\u015fb\u0259xtlik, i\u015fl\u0259rinizd\u0259 u\u011furlar, dost Misir xalq\u0131na daim \u0259min-amanl\u0131q v\u0259 firavanl\u0131q dil\u0259yir\u0259m&rdquo;.<\/p>\n","protected":false},"excerpt":{"rendered":"<p>Az\u0259rbaycan Prezidenti \u0130lham \u018fliyev&nbsp;Misir \u018fr\u0259b Respublikas\u0131n\u0131n Prezidenti \u018fbd&uuml;lf\u0259ttah \u0259s-Sisiy\u0259&nbsp;t\u0259brik m\u0259ktubu g&ouml;nd\u0259rib. Ucnoqta.az&nbsp;x\u0259b\u0259r verir ki, t\u0259brik m\u0259ktubunda deyilir: &ldquo;H&ouml;rm\u0259tli c\u0259nab Prezident, Misir \u018fr\u0259b Respublikas\u0131n\u0131n milli bayram\u0131 &ndash; \u0130nqilab G&uuml;n&uuml; m&uuml;nasib\u0259til\u0259 Siz\u0259&hellip;<\/p>\n","protected":false},"author":1,"featured_media":251278,"comment_status":"open","ping_status":"open","sticky":false,"template":"","format":"standard","meta":{"_lmt_disableupdate":"","_lmt_disable":"","footnotes":""},"categories":[86],"tags":[],"class_list":["post-227727","post","type-post","status-publish","format-standard","has-post-thumbnail","hentry","category-siyaset"],"_links":{"self":[{"href":"https:\/\/ucnoqta.az\/index.php?rest_route=\/wp\/v2\/posts\/227727","targetHints":{"allow":["GET"]}}],"collection":[{"href":"https:\/\/ucnoqta.az\/index.php?rest_route=\/wp\/v2\/posts"}],"about":[{"href":"https:\/\/ucnoqta.az\/index.php?rest_route=\/wp\/v2\/types\/post"}],"author":[{"embeddable":true,"href":"https:\/\/ucnoqta.az\/index.php?rest_route=\/wp\/v2\/users\/1"}],"replies":[{"embeddable":true,"href":"https:\/\/ucnoqta.az\/index.php?rest_route=%2Fwp%2Fv2%2Fcomments&post=227727"}],"version-history":[{"count":0,"href":"https:\/\/ucnoqta.az\/index.php?rest_route=\/wp\/v2\/posts\/227727\/revisions"}],"wp:featuredmedia":[{"embeddable":true,"href":"https:\/\/ucnoqta.az\/index.php?rest_route=\/wp\/v2\/media\/251278"}],"wp:attachment":[{"href":"https:\/\/ucnoqta.az\/index.php?rest_route=%2Fwp%2Fv2%2Fmedia&parent=227727"}],"wp:term":[{"taxonomy":"category","embeddable":true,"href":"https:\/\/ucnoqta.az\/index.php?rest_route=%2Fwp%2Fv2%2Fcategories&post=227727"},{"taxonomy":"post_tag","embeddable":true,"href":"https:\/\/ucnoqta.az\/index.php?rest_route=%2Fwp%2Fv2%2Ftags&post=227727"}],"curies":[{"name":"wp","href":"https:\/\/api.w.org\/{rel}","templated":true}]}}