{"id":223828,"date":"2025-05-20T16:26:23","date_gmt":"2025-05-20T12:26:23","guid":{"rendered":""},"modified":"-0001-11-30T00:00:00","modified_gmt":"-0001-11-29T20:00:00","slug":"","status":"publish","type":"post","link":"https:\/\/ucnoqta.az\/?p=223828","title":{"rendered":"308 t\u0259l\u0259b\u0259y\u0259 \u201cAdl\u0131 t\u0259qa\u00fcd\u201d verilib &#8211;"},"content":{"rendered":"<p><strong>Az\u0259rbaycan H\u0259mkarlar \u0130ttifaqlar\u0131 Konfederasiyas\u0131n\u0131n &uuml;zv t\u0259\u015fkilat\u0131 Az\u0259rbaycan T\u0259hsil \u0130\u015f&ccedil;il\u0259ri Azad H\u0259mkarlar \u0130ttifaq\u0131 Respublika Komit\u0259si (AT\u0130AH\u0130RK) t\u0259r\u0259find\u0259n t\u0259hsild\u0259 v\u0259 t\u0259l\u0259b\u0259 h\u0259mkarlar ittifaq\u0131 h\u0259r\u0259kat\u0131nda f\u0259al i\u015ftirak ed\u0259n 308 t\u0259l\u0259b\u0259y\u0259 &ldquo;Adl\u0131 t\u0259qa&uuml;d&rdquo; t\u0259qdim edilib.<\/strong><\/p>\n<p>AH\u0130K-d\u0259n Ucnoqta.az-a veril\u0259n m\u0259lumata g&ouml;r\u0259, &Uuml;mummilli Lider Heyd\u0259r \u018fliyevin anadan olmas\u0131n\u0131n 102-ci ild&ouml;n&uuml;m&uuml;n\u0259 h\u0259sr olunan &ldquo;Adl\u0131 t\u0259qa&uuml;d&rdquo; t\u0259dbiri Bak\u0131 Ali Neft M\u0259kt\u0259bind\u0259 (BANM) ke&ccedil;irilib.<br \/>\n\u018fvv\u0259lc\u0259 Az\u0259rbaycan Respublikas\u0131n\u0131n D&ouml;vl\u0259t Himni s\u0259sl\u0259ndirilib, Ulu &Ouml;nd\u0259r Heyd\u0259r \u018fliyevin v\u0259 V\u0259t\u0259nimizin \u0259razi b&uuml;t&ouml;vl&uuml;y&uuml; u\u011frunda canlar\u0131n\u0131 f\u0259da etmi\u015f \u015f\u0259hidl\u0259rimizin \u0259ziz xatir\u0259si bir d\u0259qiq\u0259lik s&uuml;kutla yad edilib.<\/p>\n<p>T\u0259dbird\u0259 &ccedil;\u0131x\u0131\u015f ed\u0259n Az\u0259rbaycan H\u0259mkarlar \u0130ttifaqlar\u0131 Konfederasiyas\u0131n\u0131n s\u0259dri Sahib M\u0259mm\u0259dov c\u0259nab Prezident \u0130lham \u018fliyevin r\u0259hb\u0259rliyi il\u0259 h\u0259yata ke&ccedil;iril\u0259n u\u011furlu g\u0259ncl\u0259r siyas\u0259tind\u0259n dan\u0131\u015f\u0131b, g\u0259ncl\u0259rin v\u0259t\u0259np\u0259rv\u0259rlik ruhunda b&ouml;y&uuml;m\u0259si, potensial\u0131n\u0131n realla\u015fd\u0131r\u0131lmas\u0131, y&uuml;ks\u0259k ixtisasl\u0131 kadr kimi formala\u015fmas\u0131 istiqam\u0259tind\u0259 g&ouml;r&uuml;l\u0259n i\u015fl\u0259ri vur\u011fulay\u0131b. Heyd\u0259r \u018fliyev Fondunun Az\u0259rbaycan g\u0259ncliyinin inki\u015faf\u0131ndak\u0131 xidm\u0259tl\u0259rind\u0259n b\u0259hs ed\u0259n Konfederasiya s\u0259dri Birinci vitse-prezident Mehriban xan\u0131m \u018fliyevan\u0131n t\u0259\u015f\u0259bb&uuml;s&uuml; il\u0259 elm, t\u0259hsil, m\u0259d\u0259niyy\u0259t, s\u0259hiyy\u0259, idman v\u0259 dig\u0259r sah\u0259l\u0259rd\u0259 h\u0259yata ke&ccedil;iril\u0259n m&uuml;h&uuml;m layih\u0259l\u0259ri diqq\u0259t\u0259 &ccedil;atd\u0131r\u0131b.<\/p>\n<p>Qeyd edilib ki, Az\u0259rbaycan h\u0259mkarlar ittifaqlar\u0131 da d&ouml;vl\u0259tin g\u0259ncl\u0259r siyas\u0259tin\u0259 f\u0259al d\u0259st\u0259k verir, onlar\u0131n sosial m&uuml;dafi\u0259sinin g&uuml;cl\u0259ndirilm\u0259si, \u0259m\u0259k h&uuml;quqlar\u0131n\u0131n qorunmas\u0131 v\u0259 potensial\u0131n\u0131n inki\u015faf etdirilm\u0259si istiqam\u0259tind\u0259 m&uuml;xt\u0259lif t\u0259dbirl\u0259r v\u0259 layih\u0259l\u0259r h\u0259yata ke&ccedil;irir. Bel\u0259 layih\u0259l\u0259rd\u0259n biri olan &ldquo;Adl\u0131 t\u0259qa&uuml;d&rdquo; t\u0259l\u0259b\u0259 g\u0259ncl\u0259rin elm\u0259 v\u0259 t\u0259hsil\u0259 mara\u011f\u0131n\u0131n artmas\u0131na, onlar\u0131n f\u0259rdi v\u0259 pe\u015f\u0259kar inki\u015faf\u0131na \u0259h\u0259miyy\u0259tli t&ouml;hf\u0259 verir.&nbsp;<\/p>\n<p>Elm v\u0259 t\u0259hsil nazirinin m&uuml;avini Firudin Qurbanov t\u0259hsil sah\u0259sind\u0259 apar\u0131lan islahatlar, &ouml;lk\u0259mizd\u0259 t\u0259hsil\u0259 g&ouml;st\u0259ril\u0259n diqq\u0259t v\u0259 qay\u011f\u0131dan, g\u0259ncl\u0259rin y&uuml;ks\u0259k s\u0259viyy\u0259d\u0259 t\u0259hsil almalar\u0131 &nbsp;&uuml;&ccedil;&uuml;n yarad\u0131lan \u0259lveri\u015fli \u015f\u0259raitd\u0259n b\u0259hs edib, &ldquo;Adl\u0131 t\u0259qa&uuml;d&rdquo; layih\u0259sinin &ouml;n\u0259mini vur\u011fulay\u0131b.<\/p>\n<p>Milli M\u0259clisin Elm v\u0259 t\u0259hsil komit\u0259sinin s\u0259dri Anar \u0130sg\u0259nd\u0259rov, Bak\u0131 Ali Neft M\u0259kt\u0259binin rektoru Elmar Qas\u0131mov Az\u0259rbaycan g\u0259ncliyinin elm\u0259 mara\u011f\u0131n\u0131n artmas\u0131 istiqam\u0259tind\u0259 g&ouml;r&uuml;l\u0259n i\u015fl\u0259r, g\u0259ncl\u0259rimizin elmi nailiyy\u0259tl\u0259rind\u0259n dan\u0131\u015f\u0131b, Bak\u0131 Ali Neft M\u0259kt\u0259bi t\u0259l\u0259b\u0259l\u0259rinin u\u011furlar\u0131n\u0131, Az\u0259rbaycan\u0131n ali t\u0259hsil m&uuml;\u0259ssis\u0259l\u0259rind\u0259 m&uuml;xt\u0259lif sah\u0259l\u0259r &uuml;zr\u0259 g\u0259l\u0259c\u0259yin pe\u015f\u0259kar m&uuml;t\u0259x\u0259ssisl\u0259rinin yeti\u015fdiyini vur\u011fulay\u0131blar. &nbsp;&nbsp;<\/p>\n<p>Qeyd ed\u0259k ki, t\u0259qa&uuml;d &ouml;lk\u0259nin m&uuml;xt\u0259lif orta ixtisas, pe\u015f\u0259 t\u0259hsili v\u0259 ali t\u0259hsil m&uuml;\u0259ssis\u0259l\u0259rind\u0259 \u0259la v\u0259 yax\u015f\u0131 qiym\u0259tl\u0259rl\u0259 oxuyan, t\u0259l\u0259b\u0259 h\u0259mkarlar ittifaq\u0131 h\u0259r\u0259kat\u0131nda f\u0259al i\u015ftirak ed\u0259n t\u0259l\u0259b\u0259l\u0259r\u0259 verilir.&nbsp;<br \/>\nAT\u0130AH\u0130 RK-n\u0131n &ldquo;Adl\u0131 t\u0259qa&uuml;d&rdquo; layih\u0259si 1995-ci ild\u0259n h\u0259yata ke&ccedil;irilir. \u018fvv\u0259lki ill\u0259rd\u0259 h\u0259r semestr &uuml;zr\u0259 65 t\u0259l\u0259b\u0259y\u0259, 2024-2025-ci t\u0259dris ilinin birinci semestrinin yekunlar\u0131na g&ouml;r\u0259 100, ikinci semestrinin n\u0259tic\u0259l\u0259rin\u0259 \u0259sas\u0259n is\u0259 308 t\u0259l\u0259b\u0259y\u0259 &ldquo;Adl\u0131 t\u0259qa&uuml;d&rdquo; verilib.<\/p>\n<p>\u0130ndiy\u0259d\u0259k 3179 t\u0259l\u0259b\u0259 bu t\u0259qa&uuml;d\u0259 layiq g&ouml;r&uuml;l&uuml;b.<br \/>\n&nbsp;<\/p>\n","protected":false},"excerpt":{"rendered":"<p>Az\u0259rbaycan H\u0259mkarlar \u0130ttifaqlar\u0131 Konfederasiyas\u0131n\u0131n &uuml;zv t\u0259\u015fkilat\u0131 Az\u0259rbaycan T\u0259hsil \u0130\u015f&ccedil;il\u0259ri Azad H\u0259mkarlar \u0130ttifaq\u0131 Respublika Komit\u0259si (AT\u0130AH\u0130RK) t\u0259r\u0259find\u0259n t\u0259hsild\u0259 v\u0259 t\u0259l\u0259b\u0259 h\u0259mkarlar ittifaq\u0131 h\u0259r\u0259kat\u0131nda f\u0259al i\u015ftirak ed\u0259n 308 t\u0259l\u0259b\u0259y\u0259 &ldquo;Adl\u0131 t\u0259qa&uuml;d&rdquo; t\u0259qdim&hellip;<\/p>\n","protected":false},"author":1,"featured_media":251278,"comment_status":"open","ping_status":"open","sticky":false,"template":"","format":"standard","meta":{"_lmt_disableupdate":"","_lmt_disable":"","footnotes":""},"categories":[101],"tags":[],"class_list":["post-223828","post","type-post","status-publish","format-standard","has-post-thumbnail","hentry","category-cemiyyet"],"_links":{"self":[{"href":"https:\/\/ucnoqta.az\/index.php?rest_route=\/wp\/v2\/posts\/223828","targetHints":{"allow":["GET"]}}],"collection":[{"href":"https:\/\/ucnoqta.az\/index.php?rest_route=\/wp\/v2\/posts"}],"about":[{"href":"https:\/\/ucnoqta.az\/index.php?rest_route=\/wp\/v2\/types\/post"}],"author":[{"embeddable":true,"href":"https:\/\/ucnoqta.az\/index.php?rest_route=\/wp\/v2\/users\/1"}],"replies":[{"embeddable":true,"href":"https:\/\/ucnoqta.az\/index.php?rest_route=%2Fwp%2Fv2%2Fcomments&post=223828"}],"version-history":[{"count":0,"href":"https:\/\/ucnoqta.az\/index.php?rest_route=\/wp\/v2\/posts\/223828\/revisions"}],"wp:featuredmedia":[{"embeddable":true,"href":"https:\/\/ucnoqta.az\/index.php?rest_route=\/wp\/v2\/media\/251278"}],"wp:attachment":[{"href":"https:\/\/ucnoqta.az\/index.php?rest_route=%2Fwp%2Fv2%2Fmedia&parent=223828"}],"wp:term":[{"taxonomy":"category","embeddable":true,"href":"https:\/\/ucnoqta.az\/index.php?rest_route=%2Fwp%2Fv2%2Fcategories&post=223828"},{"taxonomy":"post_tag","embeddable":true,"href":"https:\/\/ucnoqta.az\/index.php?rest_route=%2Fwp%2Fv2%2Ftags&post=223828"}],"curies":[{"name":"wp","href":"https:\/\/api.w.org\/{rel}","templated":true}]}}