{"id":223826,"date":"2025-05-20T16:19:53","date_gmt":"2025-05-20T12:19:53","guid":{"rendered":""},"modified":"-0001-11-30T00:00:00","modified_gmt":"-0001-11-29T20:00:00","slug":"","status":"publish","type":"post","link":"https:\/\/ucnoqta.az\/?p=223826","title":{"rendered":"A\u0130 alman jurnalistl\u0259ri qara siyah\u0131ya sal\u0131b"},"content":{"rendered":"<p><strong>Avropa \u0130ttifaq\u0131 Almaniyan\u0131n m&uuml;harib\u0259 m&uuml;xbiri Alina Lipp v\u0259 bloger Tomas R&ouml;peri Rusiyan\u0131n xeyrin\u0259 &ldquo;hibrid h\u0259r\u0259k\u0259tl\u0259r&rdquo; ittiham\u0131 il\u0259 qara siyah\u0131ya sal\u0131b.<\/strong><\/p>\n<p>Ucnoqta.az x\u0259b\u0259r verir ki, bu bar\u0259d\u0259 A\u0130 \u015euras\u0131n\u0131n A\u0130-nin r\u0259smi jurnal\u0131nda d\u0259rc olunan s\u0259n\u0259dind\u0259 deyilir.<\/p>\n<p>Bu siyah\u0131 Rusiyaya qar\u015f\u0131 17-ci sanksiyalar paketind\u0259n ayr\u0131ca q\u0259bul edilib. ,&Uuml;mumilikd\u0259 21 n\u0259f\u0259r v\u0259 6 \u015firk\u0259t siyah\u0131ya daxildir.<\/p>\n","protected":false},"excerpt":{"rendered":"<p>Avropa \u0130ttifaq\u0131 Almaniyan\u0131n m&uuml;harib\u0259 m&uuml;xbiri Alina Lipp v\u0259 bloger Tomas R&ouml;peri Rusiyan\u0131n xeyrin\u0259 &ldquo;hibrid h\u0259r\u0259k\u0259tl\u0259r&rdquo; ittiham\u0131 il\u0259 qara siyah\u0131ya sal\u0131b. Ucnoqta.az x\u0259b\u0259r verir ki, bu bar\u0259d\u0259 A\u0130 \u015euras\u0131n\u0131n A\u0130-nin r\u0259smi&hellip;<\/p>\n","protected":false},"author":1,"featured_media":251278,"comment_status":"open","ping_status":"open","sticky":false,"template":"","format":"standard","meta":{"_lmt_disableupdate":"","_lmt_disable":"","footnotes":""},"categories":[89],"tags":[],"class_list":["post-223826","post","type-post","status-publish","format-standard","has-post-thumbnail","hentry","category-dunya-butun-xeberler"],"_links":{"self":[{"href":"https:\/\/ucnoqta.az\/index.php?rest_route=\/wp\/v2\/posts\/223826","targetHints":{"allow":["GET"]}}],"collection":[{"href":"https:\/\/ucnoqta.az\/index.php?rest_route=\/wp\/v2\/posts"}],"about":[{"href":"https:\/\/ucnoqta.az\/index.php?rest_route=\/wp\/v2\/types\/post"}],"author":[{"embeddable":true,"href":"https:\/\/ucnoqta.az\/index.php?rest_route=\/wp\/v2\/users\/1"}],"replies":[{"embeddable":true,"href":"https:\/\/ucnoqta.az\/index.php?rest_route=%2Fwp%2Fv2%2Fcomments&post=223826"}],"version-history":[{"count":0,"href":"https:\/\/ucnoqta.az\/index.php?rest_route=\/wp\/v2\/posts\/223826\/revisions"}],"wp:featuredmedia":[{"embeddable":true,"href":"https:\/\/ucnoqta.az\/index.php?rest_route=\/wp\/v2\/media\/251278"}],"wp:attachment":[{"href":"https:\/\/ucnoqta.az\/index.php?rest_route=%2Fwp%2Fv2%2Fmedia&parent=223826"}],"wp:term":[{"taxonomy":"category","embeddable":true,"href":"https:\/\/ucnoqta.az\/index.php?rest_route=%2Fwp%2Fv2%2Fcategories&post=223826"},{"taxonomy":"post_tag","embeddable":true,"href":"https:\/\/ucnoqta.az\/index.php?rest_route=%2Fwp%2Fv2%2Ftags&post=223826"}],"curies":[{"name":"wp","href":"https:\/\/api.w.org\/{rel}","templated":true}]}}