{"id":223821,"date":"2025-05-20T15:19:39","date_gmt":"2025-05-20T11:19:39","guid":{"rendered":""},"modified":"-0001-11-30T00:00:00","modified_gmt":"-0001-11-29T20:00:00","slug":"","status":"publish","type":"post","link":"https:\/\/ucnoqta.az\/?p=223821","title":{"rendered":"Hakan Fidan Rusiyaya g\u0259lir &#8211;"},"content":{"rendered":"<p><strong>Rusiyan\u0131n xarici i\u015fl\u0259r naziri Sergey Lavrov may\u0131n 25-27-d\u0259 Moskvada i\u015fg&uuml;zar s\u0259f\u0259rd\u0259 olacaq T&uuml;rkiy\u0259nin xarici i\u015fl\u0259r naziri Hakan Fidan il\u0259 dan\u0131\u015f\u0131qlar aparacaq.<\/strong><\/p>\n<p>Ucnoqta.az x\u0259b\u0259r verir ki, bu bar\u0259d\u0259 Rusiya Xarici \u0130\u015fl\u0259r Nazirliyinin r\u0259smi n&uuml;may\u0259nd\u0259si Mariya Zaxarova brifinqd\u0259 bildirib.<\/p>\n<p>&quot;T&uuml;rkiy\u0259 xarici i\u015fl\u0259r naziri may\u0131n 25-27-d\u0259 Moskvaya i\u015fg&uuml;zar s\u0259f\u0259r ed\u0259c\u0259k. Rusiyan\u0131n xarici i\u015fl\u0259r naziri Sergey Lavrovla dan\u0131\u015f\u0131qlar planla\u015fd\u0131r\u0131l\u0131r. Xarici siyas\u0259t idar\u0259l\u0259rinin r\u0259hb\u0259rl\u0259ri Suriya, Liviya, Zaqafqaziya v\u0259 Qara d\u0259niz regionunda v\u0259ziyy\u0259t\u0259 x&uuml;susi diqq\u0259t ay\u0131rmaqla regional m\u0259s\u0259l\u0259l\u0259r \u0259traf\u0131nda fikir m&uuml;badil\u0259si aparacaqlar&quot;, &#8211; o bildirib.<\/p>\n<p>Diplomat bildirib ki, m&uuml;asir \u015f\u0259raitd\u0259 ticari-iqtisadi \u0259m\u0259kda\u015fl\u0131\u011f\u0131n g&uuml;cl\u0259ndirilm\u0259si perspektivl\u0259ri d\u0259 m&uuml;zakir\u0259 olunacaq. &quot;Nazirl\u0259r y&uuml;ks\u0259k v\u0259 y&uuml;ks\u0259k s\u0259viyy\u0259l\u0259rd\u0259 ikit\u0259r\u0259fli t\u0259maslar\u0131n c\u0259dv\u0259lin\u0259 baxacaqlar&quot;, &#8211; Zaxarova bildirib.<\/p>\n","protected":false},"excerpt":{"rendered":"<p>Rusiyan\u0131n xarici i\u015fl\u0259r naziri Sergey Lavrov may\u0131n 25-27-d\u0259 Moskvada i\u015fg&uuml;zar s\u0259f\u0259rd\u0259 olacaq T&uuml;rkiy\u0259nin xarici i\u015fl\u0259r naziri Hakan Fidan il\u0259 dan\u0131\u015f\u0131qlar aparacaq. Ucnoqta.az x\u0259b\u0259r verir ki, bu bar\u0259d\u0259 Rusiya Xarici \u0130\u015fl\u0259r&hellip;<\/p>\n","protected":false},"author":1,"featured_media":251278,"comment_status":"open","ping_status":"open","sticky":false,"template":"","format":"standard","meta":{"_lmt_disableupdate":"","_lmt_disable":"","footnotes":""},"categories":[89],"tags":[],"class_list":["post-223821","post","type-post","status-publish","format-standard","has-post-thumbnail","hentry","category-dunya-butun-xeberler"],"_links":{"self":[{"href":"https:\/\/ucnoqta.az\/index.php?rest_route=\/wp\/v2\/posts\/223821","targetHints":{"allow":["GET"]}}],"collection":[{"href":"https:\/\/ucnoqta.az\/index.php?rest_route=\/wp\/v2\/posts"}],"about":[{"href":"https:\/\/ucnoqta.az\/index.php?rest_route=\/wp\/v2\/types\/post"}],"author":[{"embeddable":true,"href":"https:\/\/ucnoqta.az\/index.php?rest_route=\/wp\/v2\/users\/1"}],"replies":[{"embeddable":true,"href":"https:\/\/ucnoqta.az\/index.php?rest_route=%2Fwp%2Fv2%2Fcomments&post=223821"}],"version-history":[{"count":0,"href":"https:\/\/ucnoqta.az\/index.php?rest_route=\/wp\/v2\/posts\/223821\/revisions"}],"wp:featuredmedia":[{"embeddable":true,"href":"https:\/\/ucnoqta.az\/index.php?rest_route=\/wp\/v2\/media\/251278"}],"wp:attachment":[{"href":"https:\/\/ucnoqta.az\/index.php?rest_route=%2Fwp%2Fv2%2Fmedia&parent=223821"}],"wp:term":[{"taxonomy":"category","embeddable":true,"href":"https:\/\/ucnoqta.az\/index.php?rest_route=%2Fwp%2Fv2%2Fcategories&post=223821"},{"taxonomy":"post_tag","embeddable":true,"href":"https:\/\/ucnoqta.az\/index.php?rest_route=%2Fwp%2Fv2%2Ftags&post=223821"}],"curies":[{"name":"wp","href":"https:\/\/api.w.org\/{rel}","templated":true}]}}