{"id":223817,"date":"2025-05-20T14:46:44","date_gmt":"2025-05-20T10:46:44","guid":{"rendered":""},"modified":"-0001-11-30T00:00:00","modified_gmt":"-0001-11-29T20:00:00","slug":"","status":"publish","type":"post","link":"https:\/\/ucnoqta.az\/?p=223817","title":{"rendered":"Trampa veril\u0259n t\u0259yyar\u0259 r\u00fc\u015fv\u0259t kimi q\u0259bul edilm\u0259m\u0259lidir &#8211;"},"content":{"rendered":"<p><strong>Q\u0259t\u0259rin AB\u015e prezidenti Donald Trampa Boeing 747-8 t\u0259yyar\u0259si verm\u0259si m\u0259s\u0259l\u0259si iki &ouml;lk\u0259nin m&uuml;dafi\u0259 nazirlikl\u0259ri aras\u0131nda \u0259m\u0259kda\u015fl\u0131q &ccedil;\u0259r&ccedil;iv\u0259sind\u0259 haz\u0131rlan\u0131r; bu, Va\u015finqton administrasiyas\u0131na r&uuml;\u015fv\u0259t verm\u0259k c\u0259hdi kimi q\u0259bul edilm\u0259m\u0259lidir.<\/strong><\/p>\n<p>Ucnoqta.az x\u0259b\u0259r verir ki, bunu \u0259r\u0259b d&ouml;vl\u0259tinin h&ouml;kum\u0259t ba\u015f&ccedil;\u0131s\u0131, xarici i\u015fl\u0259r naziri \u015eeyx M\u0259h\u0259mm\u0259d bin \u018fbd&uuml;l R\u0259hman Al Tani deyib.<\/p>\n<p>&ldquo;T\u0259yyar\u0259 il\u0259 ba\u011fl\u0131 m&ouml;vzu M&uuml;dafi\u0259 Nazirliyi il\u0259 Pentaqon aras\u0131nda tam \u015f\u0259ffafl\u0131q v\u0259 qanunlara ciddi riay\u0259t etm\u0259kl\u0259 h\u0259yata ke&ccedil;iril\u0259n m&uuml;badil\u0259dir v\u0259 bu, onillikl\u0259r \u0259rzind\u0259 davam ed\u0259n \u0259m\u0259kda\u015fl\u0131\u011f\u0131m\u0131z\u0131n bir hiss\u0259sidir&rdquo;, o, Dohada Q\u0259t\u0259r \u0130qtisadi Forumunda &ccedil;\u0131x\u0131\u015f ed\u0259rk\u0259n deyib.&nbsp;<br \/>\n&ldquo;\u018fslind\u0259 biz gizli he&ccedil; n\u0259 etm\u0259mi\u015fik, masa alt\u0131nda he&ccedil; bir m\u0259xfi \u0259m\u0259liyyat apar\u0131lmay\u0131b&rdquo;, &#8211; dey\u0259 ba\u015f nazir \u0259lav\u0259 edib v\u0259 haz\u0131rda t\u0259r\u0259fl\u0259rin t\u0259yyar\u0259nin t\u0259hvil verilm\u0259sin\u0259 h&uuml;quqi bax\u0131\u015f ke&ccedil;irdikl\u0259rini vur\u011fulay\u0131b.<\/p>\n<p>Onun s&ouml;zl\u0259rin\u0259 g&ouml;r\u0259, Doha m&uuml;v\u0259qq\u0259ti prezident t\u0259yyar\u0259sin\u0259 ehtiyac\u0131 olan AB\u015e-\u0131 yerl\u0259\u015fdirib v\u0259 bu, m&uuml;tt\u0259fiql\u0259r aras\u0131nda ba\u015f ver\u0259n normal bir \u015feydir.&nbsp;<br \/>\nQ\u0259t\u0259rin ba\u015f naziri \u0259lav\u0259 edib ki, o, niy\u0259 insanlar\u0131n bunu r&uuml;\u015fv\u0259t kimi q\u0259bul etdiyini v\u0259 ya Q\u0259t\u0259rin bu administrasiya &uuml;z\u0259rind\u0259 t\u0259sir \u0259ld\u0259 etm\u0259k &uuml;&ccedil;&uuml;n istifad\u0259 etm\u0259k ist\u0259diyi bir \u015fey kimi q\u0259bul etdiyini&nbsp;anlam\u0131r. &ldquo;A&ccedil;\u0131\u011f\u0131, m\u0259n bunun &uuml;&ccedil;&uuml;n he&ccedil; bir yax\u015f\u0131 s\u0259b\u0259b g&ouml;rm&uuml;r\u0259m.<\/p>\n","protected":false},"excerpt":{"rendered":"<p>Q\u0259t\u0259rin AB\u015e prezidenti Donald Trampa Boeing 747-8 t\u0259yyar\u0259si verm\u0259si m\u0259s\u0259l\u0259si iki &ouml;lk\u0259nin m&uuml;dafi\u0259 nazirlikl\u0259ri aras\u0131nda \u0259m\u0259kda\u015fl\u0131q &ccedil;\u0259r&ccedil;iv\u0259sind\u0259 haz\u0131rlan\u0131r; bu, Va\u015finqton administrasiyas\u0131na r&uuml;\u015fv\u0259t verm\u0259k c\u0259hdi kimi q\u0259bul edilm\u0259m\u0259lidir. Ucnoqta.az x\u0259b\u0259r verir&hellip;<\/p>\n","protected":false},"author":1,"featured_media":251278,"comment_status":"open","ping_status":"open","sticky":false,"template":"","format":"standard","meta":{"_lmt_disableupdate":"","_lmt_disable":"","footnotes":""},"categories":[89],"tags":[],"class_list":["post-223817","post","type-post","status-publish","format-standard","has-post-thumbnail","hentry","category-dunya-butun-xeberler"],"_links":{"self":[{"href":"https:\/\/ucnoqta.az\/index.php?rest_route=\/wp\/v2\/posts\/223817","targetHints":{"allow":["GET"]}}],"collection":[{"href":"https:\/\/ucnoqta.az\/index.php?rest_route=\/wp\/v2\/posts"}],"about":[{"href":"https:\/\/ucnoqta.az\/index.php?rest_route=\/wp\/v2\/types\/post"}],"author":[{"embeddable":true,"href":"https:\/\/ucnoqta.az\/index.php?rest_route=\/wp\/v2\/users\/1"}],"replies":[{"embeddable":true,"href":"https:\/\/ucnoqta.az\/index.php?rest_route=%2Fwp%2Fv2%2Fcomments&post=223817"}],"version-history":[{"count":0,"href":"https:\/\/ucnoqta.az\/index.php?rest_route=\/wp\/v2\/posts\/223817\/revisions"}],"wp:featuredmedia":[{"embeddable":true,"href":"https:\/\/ucnoqta.az\/index.php?rest_route=\/wp\/v2\/media\/251278"}],"wp:attachment":[{"href":"https:\/\/ucnoqta.az\/index.php?rest_route=%2Fwp%2Fv2%2Fmedia&parent=223817"}],"wp:term":[{"taxonomy":"category","embeddable":true,"href":"https:\/\/ucnoqta.az\/index.php?rest_route=%2Fwp%2Fv2%2Fcategories&post=223817"},{"taxonomy":"post_tag","embeddable":true,"href":"https:\/\/ucnoqta.az\/index.php?rest_route=%2Fwp%2Fv2%2Ftags&post=223817"}],"curies":[{"name":"wp","href":"https:\/\/api.w.org\/{rel}","templated":true}]}}