{"id":223805,"date":"2025-05-20T12:38:33","date_gmt":"2025-05-20T08:38:33","guid":{"rendered":""},"modified":"-0001-11-30T00:00:00","modified_gmt":"-0001-11-29T20:00:00","slug":"","status":"publish","type":"post","link":"https:\/\/ucnoqta.az\/?p=223805","title":{"rendered":"AB\u015e-nin uran\u0131n z\u0259nginl\u0259\u015fdirilm\u0259sini dayand\u0131rmaq t\u0259l\u0259bi b\u00f6y\u00fck s\u0259hvdir &#8211;"},"content":{"rendered":"<p><strong>\u0130ran\u0131n ali dini lideri Ay\u0259tullah \u018fli Xameneyi AB\u015e r\u0259smil\u0259rind\u0259n \u0130slam Respublikas\u0131ndan uran\u0131n z\u0259nginl\u0259\u015fdirilm\u0259sini dayand\u0131rma\u011f\u0131 t\u0259l\u0259b ed\u0259r\u0259k &quot;bo\u015f dan\u0131\u015fma\u011f\u0131 dayand\u0131rma\u011f\u0131&quot; ist\u0259yib.<\/strong><\/p>\n<p>Ucnoqta.az xarici m\u0259tbuata istinad\u0259n x\u0259b\u0259r verir ki, bu bar\u0259d\u0259 Xameneyinin m\u0259tbuat xidm\u0259ti m\u0259lumat yay\u0131b.<br \/>\n&quot;Qar\u015f\u0131 t\u0259r\u0259f\u0259 x\u0259b\u0259rdarl\u0131q etm\u0259k ist\u0259rdim. Bu dan\u0131\u015f\u0131qlarda vasit\u0259&ccedil;il\u0259r vasit\u0259sil\u0259 i\u015ftirak ed\u0259n AB\u015e n&uuml;may\u0259nd\u0259l\u0259ri bo\u015f-bo\u015f dan\u0131\u015fmama\u011fa &ccedil;al\u0131\u015f\u0131rlar. \u0130ran\u0131n z\u0259nginl\u0259\u015fm\u0259sin\u0259 imkan verm\u0259y\u0259c\u0259yinizi s&ouml;yl\u0259m\u0259k b&ouml;y&uuml;k s\u0259hvdir. Biz\u0259 he&ccedil; kimin icaz\u0259si laz\u0131m deyil. N&ouml;vb\u0259ti d\u0259f\u0259 m\u0259n \u0130ran xalq\u0131na niy\u0259 uran\u0131n z\u0259nginl\u0259\u015fdirilm\u0259sin\u0259 bu q\u0259d\u0259r diqq\u0259t yetirdikl\u0259rini, Q\u0259rb, AB\u015e v\u0259 dig\u0259rl\u0259rinin niy\u0259 \u0130randa z\u0259nginl\u0259\u015fdirm\u0259 prosesinin dayand\u0131r\u0131lmas\u0131nda israrl\u0131 olduqlar\u0131n\u0131 izah ed\u0259c\u0259y\u0259m&rdquo;, &#8211; onun s&ouml;zl\u0259rini sitat g\u0259tirir.<\/p>\n","protected":false},"excerpt":{"rendered":"<p>\u0130ran\u0131n ali dini lideri Ay\u0259tullah \u018fli Xameneyi AB\u015e r\u0259smil\u0259rind\u0259n \u0130slam Respublikas\u0131ndan uran\u0131n z\u0259nginl\u0259\u015fdirilm\u0259sini dayand\u0131rma\u011f\u0131 t\u0259l\u0259b ed\u0259r\u0259k &quot;bo\u015f dan\u0131\u015fma\u011f\u0131 dayand\u0131rma\u011f\u0131&quot; ist\u0259yib. Ucnoqta.az xarici m\u0259tbuata istinad\u0259n x\u0259b\u0259r verir ki, bu bar\u0259d\u0259 Xameneyinin&hellip;<\/p>\n","protected":false},"author":1,"featured_media":251278,"comment_status":"open","ping_status":"open","sticky":false,"template":"","format":"standard","meta":{"_lmt_disableupdate":"","_lmt_disable":"","footnotes":""},"categories":[89],"tags":[],"class_list":["post-223805","post","type-post","status-publish","format-standard","has-post-thumbnail","hentry","category-dunya-butun-xeberler"],"_links":{"self":[{"href":"https:\/\/ucnoqta.az\/index.php?rest_route=\/wp\/v2\/posts\/223805","targetHints":{"allow":["GET"]}}],"collection":[{"href":"https:\/\/ucnoqta.az\/index.php?rest_route=\/wp\/v2\/posts"}],"about":[{"href":"https:\/\/ucnoqta.az\/index.php?rest_route=\/wp\/v2\/types\/post"}],"author":[{"embeddable":true,"href":"https:\/\/ucnoqta.az\/index.php?rest_route=\/wp\/v2\/users\/1"}],"replies":[{"embeddable":true,"href":"https:\/\/ucnoqta.az\/index.php?rest_route=%2Fwp%2Fv2%2Fcomments&post=223805"}],"version-history":[{"count":0,"href":"https:\/\/ucnoqta.az\/index.php?rest_route=\/wp\/v2\/posts\/223805\/revisions"}],"wp:featuredmedia":[{"embeddable":true,"href":"https:\/\/ucnoqta.az\/index.php?rest_route=\/wp\/v2\/media\/251278"}],"wp:attachment":[{"href":"https:\/\/ucnoqta.az\/index.php?rest_route=%2Fwp%2Fv2%2Fmedia&parent=223805"}],"wp:term":[{"taxonomy":"category","embeddable":true,"href":"https:\/\/ucnoqta.az\/index.php?rest_route=%2Fwp%2Fv2%2Fcategories&post=223805"},{"taxonomy":"post_tag","embeddable":true,"href":"https:\/\/ucnoqta.az\/index.php?rest_route=%2Fwp%2Fv2%2Ftags&post=223805"}],"curies":[{"name":"wp","href":"https:\/\/api.w.org\/{rel}","templated":true}]}}