{"id":223792,"date":"2025-05-20T10:51:44","date_gmt":"2025-05-20T06:51:44","guid":{"rendered":""},"modified":"-0001-11-30T00:00:00","modified_gmt":"-0001-11-29T20:00:00","slug":"","status":"publish","type":"post","link":"https:\/\/ucnoqta.az\/?p=223792","title":{"rendered":"\u0130ki m\u0259kt\u0259bd\u0259 n\u00f6qsanlar a\u015fkarland\u0131 &#8211;"},"content":{"rendered":"<p><strong>Paytaxt m\u0259kt\u0259bl\u0259rind\u0259 monitorinql\u0259r davam etdirilir.<\/strong><\/p>\n<p>M&Uuml;TDA-dan&nbsp;Ucnoqta.az-a veril\u0259n m\u0259lumata g&ouml;r\u0259, paytaxtdak\u0131 &uuml;mumi t\u0259hsil m&uuml;\u0259ssis\u0259l\u0259rind\u0259 apar\u0131lan monitorinql\u0259r n\u0259tic\u0259sind\u0259 Agentlik t\u0259r\u0259find\u0259n veril\u0259n t\u0259limatlar\u0131n icra v\u0259ziyy\u0259ti, t\u0259drisin s\u0259m\u0259r\u0259li t\u0259\u015fkili, t\u0259hl&uuml;k\u0259sizlik v\u0259 nizam-intizam qaydalar\u0131na \u0259m\u0259l olunmas\u0131 il\u0259 ba\u011fl\u0131 istiqam\u0259tl\u0259r ara\u015fd\u0131r\u0131l\u0131r, m\u0259kt\u0259b direktorlar\u0131n\u0131n f\u0259aliyy\u0259ti pe\u015f\u0259kar meyarlar \u0259sas\u0131nda qiym\u0259tl\u0259ndirilir.<\/p>\n<p>Bildirilib ki, may ay\u0131nda apar\u0131lan monitorinql\u0259r n\u0259tic\u0259sind\u0259 Bak\u0131 \u015f\u0259h\u0259rind\u0259ki M\u0259kt\u0259b-Lisey Kompleksinin v\u0259 \u0130lqar \u018fbilh\u0259s\u0259nov ad\u0131na 42 n&ouml;mr\u0259li tam orta &uuml;mumt\u0259hsil m\u0259kt\u0259binin direktorlar\u0131n\u0131n f\u0259aliyy\u0259tind\u0259 a\u015fkar olunmu\u015f ciddi n&ouml;qsanlar \u0259sas g&ouml;t&uuml;r&uuml;lm\u0259kl\u0259 m&uuml;vafiq q\u0259rarlar verilib.<\/p>\n<p>Bel\u0259 ki, M\u0259kt\u0259b-Lisey Kompleksinin direktoru Esmira Quliyeva il\u0259 ba\u011flanm\u0131\u015f \u0259m\u0259k m&uuml;qavil\u0259sin\u0259 16 may 2025-ci il tarixd\u0259n xitam verilib.<\/p>\n<p>Bununla yana\u015f\u0131, \u0130lqar \u018fbilh\u0259s\u0259nov ad\u0131na 42 n&ouml;mr\u0259li tam orta &uuml;mumt\u0259hsil m\u0259kt\u0259binin direktoru Fir\u0259ngiz H\u0259midova il\u0259 d\u0259 ba\u011flanm\u0131\u015f \u0259m\u0259k m&uuml;qavil\u0259si 19 may 2025-ci il tarixd\u0259n l\u0259\u011fv edilib.<\/p>\n<p>&Uuml;mumi t\u0259hsil m&uuml;\u0259ssis\u0259sinin normal f\u0259aliyy\u0259tinin t\u0259min olunmas\u0131, idar\u0259etm\u0259nin v\u0259 t\u0259drisin keyfiyy\u0259tinin t\u0259\u015fkili m\u0259qs\u0259dil\u0259 h\u0259r iki m&uuml;\u0259ssis\u0259nin f\u0259aliyy\u0259ti n\u0259zar\u0259t\u0259 g&ouml;t&uuml;r&uuml;lm\u0259kl\u0259, direktor v\u0259zif\u0259sinin m&uuml;v\u0259qq\u0259ti icras\u0131 Bak\u0131 \u015e\u0259h\u0259ri &uuml;zr\u0259 T\u0259hsil \u0130dar\u0259sinin \u0259m\u0259kda\u015f\u0131na h\u0259val\u0259 olunub.<\/p>\n<p>Qeyd edilib ki, t\u0259hsil m&uuml;\u0259ssis\u0259l\u0259rind\u0259 monitorinq v\u0259 yoxlamalar davaml\u0131 v\u0259 ard\u0131c\u0131l olaraq h\u0259yata ke&ccedil;irilir: &ldquo;Bir ne&ccedil;\u0259 g&uuml;n &ouml;nc\u0259 207 n&ouml;mr\u0259li tam orta m\u0259kt\u0259bin direktorunun da yay\u0131lan s\u0259s yaz\u0131s\u0131ndan sonra d\u0259rhal t\u0259r\u0259fimizd\u0259n m&uuml;\u0259ssis\u0259d\u0259 yoxlama apar\u0131lm\u0131\u015f, h\u0259min direktorla olan \u0259m\u0259k m&uuml;nasib\u0259tl\u0259rimiz\u0259 son verilib.<\/p>\n<p>N\u0259zar\u0259t t\u0259dbirl\u0259ri n\u0259tic\u0259sind\u0259 qanunvericiliyin t\u0259l\u0259bl\u0259rin\u0259 \u0259m\u0259l etm\u0259y\u0259nl\u0259rl\u0259 ba\u011fl\u0131 &ouml;l&ccedil;&uuml; g&ouml;t&uuml;r&uuml;l&uuml;r&rdquo;.<\/p>\n","protected":false},"excerpt":{"rendered":"<p>Paytaxt m\u0259kt\u0259bl\u0259rind\u0259 monitorinql\u0259r davam etdirilir. M&Uuml;TDA-dan&nbsp;Ucnoqta.az-a veril\u0259n m\u0259lumata g&ouml;r\u0259, paytaxtdak\u0131 &uuml;mumi t\u0259hsil m&uuml;\u0259ssis\u0259l\u0259rind\u0259 apar\u0131lan monitorinql\u0259r n\u0259tic\u0259sind\u0259 Agentlik t\u0259r\u0259find\u0259n veril\u0259n t\u0259limatlar\u0131n icra v\u0259ziyy\u0259ti, t\u0259drisin s\u0259m\u0259r\u0259li t\u0259\u015fkili, t\u0259hl&uuml;k\u0259sizlik v\u0259 nizam-intizam qaydalar\u0131na \u0259m\u0259l&hellip;<\/p>\n","protected":false},"author":1,"featured_media":251278,"comment_status":"open","ping_status":"open","sticky":false,"template":"","format":"standard","meta":{"_lmt_disableupdate":"","_lmt_disable":"","footnotes":""},"categories":[101],"tags":[],"class_list":["post-223792","post","type-post","status-publish","format-standard","has-post-thumbnail","hentry","category-cemiyyet"],"_links":{"self":[{"href":"https:\/\/ucnoqta.az\/index.php?rest_route=\/wp\/v2\/posts\/223792","targetHints":{"allow":["GET"]}}],"collection":[{"href":"https:\/\/ucnoqta.az\/index.php?rest_route=\/wp\/v2\/posts"}],"about":[{"href":"https:\/\/ucnoqta.az\/index.php?rest_route=\/wp\/v2\/types\/post"}],"author":[{"embeddable":true,"href":"https:\/\/ucnoqta.az\/index.php?rest_route=\/wp\/v2\/users\/1"}],"replies":[{"embeddable":true,"href":"https:\/\/ucnoqta.az\/index.php?rest_route=%2Fwp%2Fv2%2Fcomments&post=223792"}],"version-history":[{"count":0,"href":"https:\/\/ucnoqta.az\/index.php?rest_route=\/wp\/v2\/posts\/223792\/revisions"}],"wp:featuredmedia":[{"embeddable":true,"href":"https:\/\/ucnoqta.az\/index.php?rest_route=\/wp\/v2\/media\/251278"}],"wp:attachment":[{"href":"https:\/\/ucnoqta.az\/index.php?rest_route=%2Fwp%2Fv2%2Fmedia&parent=223792"}],"wp:term":[{"taxonomy":"category","embeddable":true,"href":"https:\/\/ucnoqta.az\/index.php?rest_route=%2Fwp%2Fv2%2Fcategories&post=223792"},{"taxonomy":"post_tag","embeddable":true,"href":"https:\/\/ucnoqta.az\/index.php?rest_route=%2Fwp%2Fv2%2Ftags&post=223792"}],"curies":[{"name":"wp","href":"https:\/\/api.w.org\/{rel}","templated":true}]}}