{"id":223783,"date":"2025-05-20T09:21:14","date_gmt":"2025-05-20T05:21:14","guid":{"rendered":""},"modified":"-0001-11-30T00:00:00","modified_gmt":"-0001-11-29T20:00:00","slug":"","status":"publish","type":"post","link":"https:\/\/ucnoqta.az\/?p=223783","title":{"rendered":"M\u0259\u015fhur ba\u015f m\u0259\u015fq\u00e7i &#8220;Roma&#8221;ya ba\u015f\u00e7\u0131l\u0131q ed\u0259c\u0259k"},"content":{"rendered":"<p>\u0130ngilt\u0259r\u0259nin &quot;Liverpul&quot; klubunun sabiq ba\u015f m\u0259\u015fq&ccedil;isi Yurgen Klopp \u0130taliyan\u0131n &quot;Roma&quot; futbol klubuna r\u0259hb\u0259rlik ed\u0259c\u0259k.<\/p>\n<p>Ucnoqta.az x\u0259b\u0259r verir ki, bu bar\u0259d\u0259 &ldquo;La Stampa&rdquo; q\u0259zeti m\u0259lumat yay\u0131b.<\/p>\n<p>M\u0259lumata g&ouml;r\u0259, Klopp &ldquo;Roma&rdquo; il\u0259 dan\u0131\u015f\u0131qlar apar\u0131b v\u0259 may\u0131n 18-d\u0259 komandaya r\u0259hb\u0259rlik etm\u0259y\u0259 raz\u0131la\u015f\u0131b. &ldquo;Roma&rdquo;n\u0131n haz\u0131rk\u0131 ba\u015f m\u0259\u015fq&ccedil;isi cari m&ouml;vs&uuml;m&uuml;n sonunda postunu t\u0259rk ed\u0259c\u0259k italiyal\u0131 Klaudio Ranyeridir.<\/p>\n<p>Kloppun 57 ya\u015f\u0131 var, m&uuml;t\u0259x\u0259ssisin karyeras\u0131nda sonuncu klubu &ldquo;Liverpul&rdquo; olub.<\/p>\n","protected":false},"excerpt":{"rendered":"<p>\u0130ngilt\u0259r\u0259nin &quot;Liverpul&quot; klubunun sabiq ba\u015f m\u0259\u015fq&ccedil;isi Yurgen Klopp \u0130taliyan\u0131n &quot;Roma&quot; futbol klubuna r\u0259hb\u0259rlik ed\u0259c\u0259k. Ucnoqta.az x\u0259b\u0259r verir ki, bu bar\u0259d\u0259 &ldquo;La Stampa&rdquo; q\u0259zeti m\u0259lumat yay\u0131b. M\u0259lumata g&ouml;r\u0259, Klopp &ldquo;Roma&rdquo; il\u0259&hellip;<\/p>\n","protected":false},"author":1,"featured_media":251278,"comment_status":"open","ping_status":"open","sticky":false,"template":"","format":"standard","meta":{"_lmt_disableupdate":"","_lmt_disable":"","footnotes":""},"categories":[90],"tags":[],"class_list":["post-223783","post","type-post","status-publish","format-standard","has-post-thumbnail","hentry","category-idman-butun-xeberler"],"_links":{"self":[{"href":"https:\/\/ucnoqta.az\/index.php?rest_route=\/wp\/v2\/posts\/223783","targetHints":{"allow":["GET"]}}],"collection":[{"href":"https:\/\/ucnoqta.az\/index.php?rest_route=\/wp\/v2\/posts"}],"about":[{"href":"https:\/\/ucnoqta.az\/index.php?rest_route=\/wp\/v2\/types\/post"}],"author":[{"embeddable":true,"href":"https:\/\/ucnoqta.az\/index.php?rest_route=\/wp\/v2\/users\/1"}],"replies":[{"embeddable":true,"href":"https:\/\/ucnoqta.az\/index.php?rest_route=%2Fwp%2Fv2%2Fcomments&post=223783"}],"version-history":[{"count":0,"href":"https:\/\/ucnoqta.az\/index.php?rest_route=\/wp\/v2\/posts\/223783\/revisions"}],"wp:featuredmedia":[{"embeddable":true,"href":"https:\/\/ucnoqta.az\/index.php?rest_route=\/wp\/v2\/media\/251278"}],"wp:attachment":[{"href":"https:\/\/ucnoqta.az\/index.php?rest_route=%2Fwp%2Fv2%2Fmedia&parent=223783"}],"wp:term":[{"taxonomy":"category","embeddable":true,"href":"https:\/\/ucnoqta.az\/index.php?rest_route=%2Fwp%2Fv2%2Fcategories&post=223783"},{"taxonomy":"post_tag","embeddable":true,"href":"https:\/\/ucnoqta.az\/index.php?rest_route=%2Fwp%2Fv2%2Ftags&post=223783"}],"curies":[{"name":"wp","href":"https:\/\/api.w.org\/{rel}","templated":true}]}}