{"id":223779,"date":"2025-05-20T08:12:05","date_gmt":"2025-05-20T04:12:05","guid":{"rendered":""},"modified":"-0001-11-30T00:00:00","modified_gmt":"-0001-11-29T20:00:00","slug":"","status":"publish","type":"post","link":"https:\/\/ucnoqta.az\/?p=223779","title":{"rendered":"Yaponiya-AB\u015e n\u00f6vb\u0259ti ticar\u0259t dan\u0131\u015f\u0131qlar\u0131n\u0131 may\u0131n 23-d\u0259 ba\u015f tuta bil\u0259r"},"content":{"rendered":"<p><strong>Yaponiya v\u0259 AB\u015e may\u0131n 23-d\u0259 tarif dan\u0131\u015f\u0131qlar\u0131n\u0131n &uuml;&ccedil;&uuml;nc&uuml; raundunu ke&ccedil;ir\u0259 bil\u0259r.<\/strong><\/p>\n<p>Ucnoqta.az x\u0259b\u0259r verir ki, bu bar\u0259d\u0259 Kyodo agentliyi m\u0259lumat yay\u0131b.<\/p>\n<p>\u0130qtisadiyyat\u0131n b\u0259rpas\u0131 naziri Ryosei Akazavan\u0131n AB\u015e-la tarifl\u0259r v\u0259 ticar\u0259t siyas\u0259ti il\u0259 ba\u011fl\u0131 dan\u0131\u015f\u0131qlarda Yaponiyan\u0131 t\u0259msil ed\u0259r\u0259k, bunun &uuml;&ccedil;&uuml;n Va\u015finqtona getm\u0259si g&ouml;zl\u0259nilir.<\/p>\n<p>Yaponiya K\u0130V-l\u0259rinin m\u0259lumat\u0131na g&ouml;r\u0259, Yaponiya t\u0259r\u0259fi daha \u0259vv\u0259l AB\u015e-dan qar\u011f\u0131dal\u0131 v\u0259 soya idxal\u0131n\u0131n art\u0131r\u0131lmas\u0131, g\u0259miqay\u0131rma sah\u0259sind\u0259 texniki \u0259m\u0259kda\u015fl\u0131q v\u0259 idxal olunan Amerika avtomobill\u0259rinin yoxlan\u0131lmas\u0131 meyarlar\u0131na yenid\u0259n bax\u0131lmas\u0131n\u0131 ehtiva ed\u0259n t\u0259klifl\u0259r paketini n\u0259z\u0259rd\u0259n ke&ccedil;irib.<br \/>\nBunun m&uuml;qabilind\u0259 Yaponiya AB\u015e-\u0131n ixracy&ouml;n&uuml;ml&uuml; iqtisadiyyat\u0131n\u0131n \u0259sas\u0131n\u0131 t\u0259\u015fkil ed\u0259n avtomobil v\u0259 ehtiyat hiss\u0259l\u0259rin\u0259 t\u0259tbiq etdiyi tarifl\u0259ri, el\u0259c\u0259 d\u0259 polad v\u0259 al&uuml;minium tarifl\u0259rini l\u0259\u011fv etm\u0259k ist\u0259yir.<\/p>\n<p>Qeyd ed\u0259k ki, Yaponiya v\u0259 AB\u015e art\u0131q dan\u0131\u015f\u0131qlar\u0131n iki raundu ke&ccedil;irib.<\/p>\n","protected":false},"excerpt":{"rendered":"<p>Yaponiya v\u0259 AB\u015e may\u0131n 23-d\u0259 tarif dan\u0131\u015f\u0131qlar\u0131n\u0131n &uuml;&ccedil;&uuml;nc&uuml; raundunu ke&ccedil;ir\u0259 bil\u0259r. Ucnoqta.az x\u0259b\u0259r verir ki, bu bar\u0259d\u0259 Kyodo agentliyi m\u0259lumat yay\u0131b. \u0130qtisadiyyat\u0131n b\u0259rpas\u0131 naziri Ryosei Akazavan\u0131n AB\u015e-la tarifl\u0259r v\u0259 ticar\u0259t&hellip;<\/p>\n","protected":false},"author":1,"featured_media":251278,"comment_status":"open","ping_status":"open","sticky":false,"template":"","format":"standard","meta":{"_lmt_disableupdate":"","_lmt_disable":"","footnotes":""},"categories":[88],"tags":[],"class_list":["post-223779","post","type-post","status-publish","format-standard","has-post-thumbnail","hentry","category-ekonomika"],"_links":{"self":[{"href":"https:\/\/ucnoqta.az\/index.php?rest_route=\/wp\/v2\/posts\/223779","targetHints":{"allow":["GET"]}}],"collection":[{"href":"https:\/\/ucnoqta.az\/index.php?rest_route=\/wp\/v2\/posts"}],"about":[{"href":"https:\/\/ucnoqta.az\/index.php?rest_route=\/wp\/v2\/types\/post"}],"author":[{"embeddable":true,"href":"https:\/\/ucnoqta.az\/index.php?rest_route=\/wp\/v2\/users\/1"}],"replies":[{"embeddable":true,"href":"https:\/\/ucnoqta.az\/index.php?rest_route=%2Fwp%2Fv2%2Fcomments&post=223779"}],"version-history":[{"count":0,"href":"https:\/\/ucnoqta.az\/index.php?rest_route=\/wp\/v2\/posts\/223779\/revisions"}],"wp:featuredmedia":[{"embeddable":true,"href":"https:\/\/ucnoqta.az\/index.php?rest_route=\/wp\/v2\/media\/251278"}],"wp:attachment":[{"href":"https:\/\/ucnoqta.az\/index.php?rest_route=%2Fwp%2Fv2%2Fmedia&parent=223779"}],"wp:term":[{"taxonomy":"category","embeddable":true,"href":"https:\/\/ucnoqta.az\/index.php?rest_route=%2Fwp%2Fv2%2Fcategories&post=223779"},{"taxonomy":"post_tag","embeddable":true,"href":"https:\/\/ucnoqta.az\/index.php?rest_route=%2Fwp%2Fv2%2Ftags&post=223779"}],"curies":[{"name":"wp","href":"https:\/\/api.w.org\/{rel}","templated":true}]}}