{"id":223777,"date":"2025-05-20T07:53:22","date_gmt":"2025-05-20T03:53:22","guid":{"rendered":""},"modified":"-0001-11-30T00:00:00","modified_gmt":"-0001-11-29T20:00:00","slug":"","status":"publish","type":"post","link":"https:\/\/ucnoqta.az\/?p=223777","title":{"rendered":"AB\u015e prezidentinin xarici t\u0259yyar\u0259d\u0259 u\u00e7mas\u0131 qada\u011fan edil\u0259c\u0259k"},"content":{"rendered":"<p>AB\u015e Senat\u0131ndak\u0131 Demokratlar Partiyas\u0131n\u0131n lideri &Ccedil;ak \u015eumer AB\u015e prezidenti Donald Tramp administrasiyas\u0131n\u0131n Q\u0259t\u0259rd\u0259n h\u0259diyy\u0259 olaraq &ldquo;Boeing-747-8&rdquo; almaq planlar\u0131 il\u0259 ba\u011fl\u0131 m\u0259lumat fonunda AB\u015e r\u0259hb\u0259rinin da\u015f\u0131nmas\u0131 &uuml;&ccedil;&uuml;n xarici t\u0259yyar\u0259l\u0259rd\u0259n istifad\u0259ni qada\u011fan ed\u0259n qanun layih\u0259si t\u0259qdim edib.<\/p>\n<p>Ucnoqta.az x\u0259b\u0259r verir ki, \u015eumer X sosial \u015f\u0259b\u0259k\u0259sind\u0259 yaz\u0131b.&nbsp; &quot;H\u0259r hans\u0131 xarici t\u0259yyar\u0259nin Air Force One (AB\u015e Prezidenti &uuml;&ccedil;&uuml;n t\u0259yyar\u0259 &#8211; \u0130F) kimi istifad\u0259sini qada\u011fan ed\u0259n qanun layih\u0259sini t\u0259qdim edir\u0259m&quot; dedi.<\/p>\n<p>O qeyd edir ki, qanun layih\u0259si AB\u015e M&uuml;dafi\u0259 Nazirliyin\u0259 &ldquo;prezidentin u&ccedil;u\u015flar\u0131 &uuml;&ccedil;&uuml;n xarici t\u0259yyar\u0259l\u0259rin al\u0131nmas\u0131 v\u0259 ya modifikasiyas\u0131&rdquo; &uuml;&ccedil;&uuml;n v\u0259saitd\u0259n istifad\u0259 etm\u0259yi qada\u011fan ed\u0259c\u0259k.<\/p>\n","protected":false},"excerpt":{"rendered":"<p>AB\u015e Senat\u0131ndak\u0131 Demokratlar Partiyas\u0131n\u0131n lideri &Ccedil;ak \u015eumer AB\u015e prezidenti Donald Tramp administrasiyas\u0131n\u0131n Q\u0259t\u0259rd\u0259n h\u0259diyy\u0259 olaraq &ldquo;Boeing-747-8&rdquo; almaq planlar\u0131 il\u0259 ba\u011fl\u0131 m\u0259lumat fonunda AB\u015e r\u0259hb\u0259rinin da\u015f\u0131nmas\u0131 &uuml;&ccedil;&uuml;n xarici t\u0259yyar\u0259l\u0259rd\u0259n istifad\u0259ni qada\u011fan&hellip;<\/p>\n","protected":false},"author":1,"featured_media":251278,"comment_status":"open","ping_status":"open","sticky":false,"template":"","format":"standard","meta":{"_lmt_disableupdate":"","_lmt_disable":"","footnotes":""},"categories":[89],"tags":[],"class_list":["post-223777","post","type-post","status-publish","format-standard","has-post-thumbnail","hentry","category-dunya-butun-xeberler"],"_links":{"self":[{"href":"https:\/\/ucnoqta.az\/index.php?rest_route=\/wp\/v2\/posts\/223777","targetHints":{"allow":["GET"]}}],"collection":[{"href":"https:\/\/ucnoqta.az\/index.php?rest_route=\/wp\/v2\/posts"}],"about":[{"href":"https:\/\/ucnoqta.az\/index.php?rest_route=\/wp\/v2\/types\/post"}],"author":[{"embeddable":true,"href":"https:\/\/ucnoqta.az\/index.php?rest_route=\/wp\/v2\/users\/1"}],"replies":[{"embeddable":true,"href":"https:\/\/ucnoqta.az\/index.php?rest_route=%2Fwp%2Fv2%2Fcomments&post=223777"}],"version-history":[{"count":0,"href":"https:\/\/ucnoqta.az\/index.php?rest_route=\/wp\/v2\/posts\/223777\/revisions"}],"wp:featuredmedia":[{"embeddable":true,"href":"https:\/\/ucnoqta.az\/index.php?rest_route=\/wp\/v2\/media\/251278"}],"wp:attachment":[{"href":"https:\/\/ucnoqta.az\/index.php?rest_route=%2Fwp%2Fv2%2Fmedia&parent=223777"}],"wp:term":[{"taxonomy":"category","embeddable":true,"href":"https:\/\/ucnoqta.az\/index.php?rest_route=%2Fwp%2Fv2%2Fcategories&post=223777"},{"taxonomy":"post_tag","embeddable":true,"href":"https:\/\/ucnoqta.az\/index.php?rest_route=%2Fwp%2Fv2%2Ftags&post=223777"}],"curies":[{"name":"wp","href":"https:\/\/api.w.org\/{rel}","templated":true}]}}