{"id":223766,"date":"2025-05-20T00:05:55","date_gmt":"2025-05-19T20:05:55","guid":{"rendered":""},"modified":"-0001-11-30T00:00:00","modified_gmt":"-0001-11-29T20:00:00","slug":"","status":"publish","type":"post","link":"https:\/\/ucnoqta.az\/?p=223766","title":{"rendered":"Avropa liderl\u0259ri raz\u0131l\u0131\u011fa g\u0259ldil\u0259r &#8211;"},"content":{"rendered":"<p><strong>AB\u015e prezidenti v\u0259 avropal\u0131 t\u0259r\u0259fda\u015flar Ukraynadak\u0131 v\u0259ziyy\u0259tin h\u0259lli &uuml;&ccedil;&uuml;n g\u0259l\u0259c\u0259k add\u0131mlar bar\u0259d\u0259 raz\u0131l\u0131\u011fa g\u0259libl\u0259r v\u0259 h\u0259m&ccedil;inin Rusiya t\u0259r\u0259fin\u0259 sanksiya t\u0259zyiqini art\u0131racaqlar\u0131n\u0131 b\u0259yan edibl\u0259r.<\/strong><\/p>\n<p>Ucnoqta.az x\u0259b\u0259r verir ki, bu bar\u0259d\u0259 jurnalistl\u0259r\u0259 Almaniya Nazirl\u0259r Kabinetinin r\u0259smi n&uuml;may\u0259nd\u0259si Stefan Kornelius m\u0259lumat verib.<\/p>\n<p>&quot;Onlar dan\u0131\u015f\u0131qlar prosesini yax\u0131ndan \u0259laq\u0259l\u0259ndirm\u0259y\u0259 v\u0259 n&ouml;vb\u0259ti texniki g&ouml;r&uuml;\u015f&uuml;n ke&ccedil;irilm\u0259sin\u0259 s\u0259y g&ouml;st\u0259rm\u0259y\u0259 raz\u0131la\u015f\u0131blar. B&uuml;t&uuml;n t\u0259r\u0259fl\u0259r Ukraynaya at\u0259\u015fk\u0259s yolunda f\u0259al d\u0259st\u0259k verm\u0259y\u0259 haz\u0131r olduqlar\u0131n\u0131 t\u0259sdiql\u0259yibl\u0259r. Avropal\u0131 i\u015ftirak&ccedil;\u0131lar sanksiyalar vasit\u0259sil\u0259 Rusiya t\u0259r\u0259fin\u0259 t\u0259zyiqi art\u0131racaqlar\u0131n\u0131 b\u0259yan edibl\u0259r&quot;, &#8211; Almaniya Nazirl\u0259r Kabinetinin n&uuml;may\u0259nd\u0259si yekunla\u015fd\u0131r\u0131b.<\/p>\n","protected":false},"excerpt":{"rendered":"<p>AB\u015e prezidenti v\u0259 avropal\u0131 t\u0259r\u0259fda\u015flar Ukraynadak\u0131 v\u0259ziyy\u0259tin h\u0259lli &uuml;&ccedil;&uuml;n g\u0259l\u0259c\u0259k add\u0131mlar bar\u0259d\u0259 raz\u0131l\u0131\u011fa g\u0259libl\u0259r v\u0259 h\u0259m&ccedil;inin Rusiya t\u0259r\u0259fin\u0259 sanksiya t\u0259zyiqini art\u0131racaqlar\u0131n\u0131 b\u0259yan edibl\u0259r. Ucnoqta.az x\u0259b\u0259r verir ki, bu bar\u0259d\u0259 jurnalistl\u0259r\u0259&hellip;<\/p>\n","protected":false},"author":1,"featured_media":251278,"comment_status":"open","ping_status":"open","sticky":false,"template":"","format":"standard","meta":{"_lmt_disableupdate":"","_lmt_disable":"","footnotes":""},"categories":[89],"tags":[],"class_list":["post-223766","post","type-post","status-publish","format-standard","has-post-thumbnail","hentry","category-dunya-butun-xeberler"],"_links":{"self":[{"href":"https:\/\/ucnoqta.az\/index.php?rest_route=\/wp\/v2\/posts\/223766","targetHints":{"allow":["GET"]}}],"collection":[{"href":"https:\/\/ucnoqta.az\/index.php?rest_route=\/wp\/v2\/posts"}],"about":[{"href":"https:\/\/ucnoqta.az\/index.php?rest_route=\/wp\/v2\/types\/post"}],"author":[{"embeddable":true,"href":"https:\/\/ucnoqta.az\/index.php?rest_route=\/wp\/v2\/users\/1"}],"replies":[{"embeddable":true,"href":"https:\/\/ucnoqta.az\/index.php?rest_route=%2Fwp%2Fv2%2Fcomments&post=223766"}],"version-history":[{"count":0,"href":"https:\/\/ucnoqta.az\/index.php?rest_route=\/wp\/v2\/posts\/223766\/revisions"}],"wp:featuredmedia":[{"embeddable":true,"href":"https:\/\/ucnoqta.az\/index.php?rest_route=\/wp\/v2\/media\/251278"}],"wp:attachment":[{"href":"https:\/\/ucnoqta.az\/index.php?rest_route=%2Fwp%2Fv2%2Fmedia&parent=223766"}],"wp:term":[{"taxonomy":"category","embeddable":true,"href":"https:\/\/ucnoqta.az\/index.php?rest_route=%2Fwp%2Fv2%2Fcategories&post=223766"},{"taxonomy":"post_tag","embeddable":true,"href":"https:\/\/ucnoqta.az\/index.php?rest_route=%2Fwp%2Fv2%2Ftags&post=223766"}],"curies":[{"name":"wp","href":"https:\/\/api.w.org\/{rel}","templated":true}]}}