{"id":223764,"date":"2025-05-20T00:00:27","date_gmt":"2025-05-19T20:00:27","guid":{"rendered":""},"modified":"-0001-11-30T00:00:00","modified_gmt":"-0001-11-29T20:00:00","slug":"","status":"publish","type":"post","link":"https:\/\/ucnoqta.az\/?p=223764","title":{"rendered":"Avropa liderl\u0259ri Tramp\u0131n Rusiyaya qar\u015f\u0131 sanksiyalar t\u0259tbiq etm\u0259k ist\u0259m\u0259m\u0259sind\u0259n \u015foka d\u00fc\u015f\u00fcbl\u0259r"},"content":{"rendered":"<p><strong>Rusiya prezidenti Vladimir Putinl\u0259 telefon dan\u0131\u015f\u0131\u011f\u0131ndan sonra AB\u015e prezidenti Donald Trampla dan\u0131\u015fan Avropa liderl\u0259ri Va\u015finqtonun Moskvaya qar\u015f\u0131 yeni sanksiyalar t\u0259tbiq etm\u0259k ist\u0259m\u0259m\u0259sind\u0259n t\u0259\u0259cc&uuml;bl\u0259nibl\u0259r.<\/strong><\/p>\n<p>Ucnoqta.az x\u0259b\u0259r verir ki, bu bar\u0259d\u0259 Britaniyan\u0131n Financial Times (FT) q\u0259zeti m\u0259nb\u0259y\u0259 istinad\u0259n m\u0259lumat yay\u0131b.<\/p>\n<p>M\u0259lumata g&ouml;r\u0259, Avropa liderl\u0259ri Tramp\u0131n Putinl\u0259 \u0259ld\u0259 olunan raz\u0131la\u015fmalar\u0131 nec\u0259 t\u0259svir etdiyin\u0259 heyran qal\u0131b. N\u0259\u015frin qeyd etdiyi kimi, Amerika prezidentinin s&ouml;zl\u0259rind\u0259n bel\u0259 &ccedil;\u0131x\u0131r ki, o, Rusiya Federasiyas\u0131na daha \u200b\u200b&ccedil;ox t\u0259zyiq g&ouml;st\u0259rm\u0259y\u0259 haz\u0131r deyil.<\/p>\n<p>Bundan sonra Tramp Avropa \u0130ttifaq\u0131 &ouml;lk\u0259l\u0259rinin liderl\u0259ri v\u0259 Volodimir Zelenski il\u0259 telefon dan\u0131\u015f\u0131\u011f\u0131 apar\u0131b. T\u0259dbird\u0259 Fransa prezidenti Emmanuel Makron, Almaniya kansleri Fridrix Merz, \u0130taliyan\u0131n ba\u015f naziri Giorgio Meloni, Finlandiya prezidenti Aleksandr Stubb v\u0259 Avropa Komissiyas\u0131n\u0131n s\u0259dri Ursula fon der Lyayen i\u015ftirak edibl\u0259r.<\/p>\n","protected":false},"excerpt":{"rendered":"<p>Rusiya prezidenti Vladimir Putinl\u0259 telefon dan\u0131\u015f\u0131\u011f\u0131ndan sonra AB\u015e prezidenti Donald Trampla dan\u0131\u015fan Avropa liderl\u0259ri Va\u015finqtonun Moskvaya qar\u015f\u0131 yeni sanksiyalar t\u0259tbiq etm\u0259k ist\u0259m\u0259m\u0259sind\u0259n t\u0259\u0259cc&uuml;bl\u0259nibl\u0259r. Ucnoqta.az x\u0259b\u0259r verir ki, bu bar\u0259d\u0259 Britaniyan\u0131n&hellip;<\/p>\n","protected":false},"author":1,"featured_media":251278,"comment_status":"open","ping_status":"open","sticky":false,"template":"","format":"standard","meta":{"_lmt_disableupdate":"","_lmt_disable":"","footnotes":""},"categories":[89],"tags":[],"class_list":["post-223764","post","type-post","status-publish","format-standard","has-post-thumbnail","hentry","category-dunya-butun-xeberler"],"_links":{"self":[{"href":"https:\/\/ucnoqta.az\/index.php?rest_route=\/wp\/v2\/posts\/223764","targetHints":{"allow":["GET"]}}],"collection":[{"href":"https:\/\/ucnoqta.az\/index.php?rest_route=\/wp\/v2\/posts"}],"about":[{"href":"https:\/\/ucnoqta.az\/index.php?rest_route=\/wp\/v2\/types\/post"}],"author":[{"embeddable":true,"href":"https:\/\/ucnoqta.az\/index.php?rest_route=\/wp\/v2\/users\/1"}],"replies":[{"embeddable":true,"href":"https:\/\/ucnoqta.az\/index.php?rest_route=%2Fwp%2Fv2%2Fcomments&post=223764"}],"version-history":[{"count":0,"href":"https:\/\/ucnoqta.az\/index.php?rest_route=\/wp\/v2\/posts\/223764\/revisions"}],"wp:featuredmedia":[{"embeddable":true,"href":"https:\/\/ucnoqta.az\/index.php?rest_route=\/wp\/v2\/media\/251278"}],"wp:attachment":[{"href":"https:\/\/ucnoqta.az\/index.php?rest_route=%2Fwp%2Fv2%2Fmedia&parent=223764"}],"wp:term":[{"taxonomy":"category","embeddable":true,"href":"https:\/\/ucnoqta.az\/index.php?rest_route=%2Fwp%2Fv2%2Fcategories&post=223764"},{"taxonomy":"post_tag","embeddable":true,"href":"https:\/\/ucnoqta.az\/index.php?rest_route=%2Fwp%2Fv2%2Ftags&post=223764"}],"curies":[{"name":"wp","href":"https:\/\/api.w.org\/{rel}","templated":true}]}}